{"id":24217,"date":"2024-11-13T18:13:24","date_gmt":"2024-11-13T22:13:24","guid":{"rendered":"https:\/\/www.respaldoalcantara-alicante.cl\/alicante-valle\/?p=24217"},"modified":"2024-11-13T18:15:29","modified_gmt":"2024-11-13T22:15:29","slug":"recordamos-proceso-de-prematricula-vigente","status":"publish","type":"post","link":"https:\/\/www.respaldoalcantara-alicante.cl\/alicante-valle\/2024\/11\/13\/recordamos-proceso-de-prematricula-vigente\/","title":{"rendered":"Recordamos proceso de prematr\u00edcula vigente"},"content":{"rendered":"\t\t<div data-elementor-type=\"wp-post\" data-elementor-id=\"24217\" class=\"elementor elementor-24217\" data-elementor-settings=\"{&quot;ha_cmc_init_switcher&quot;:&quot;no&quot;}\" data-elementor-post-type=\"post\">\n\t\t\t\t\t\t<section class=\"elementor-section elementor-top-section elementor-element elementor-element-6bc42b4 elementor-section-boxed elementor-section-height-default elementor-section-height-default parallax_section_no qode_elementor_container_no\" data-id=\"6bc42b4\" data-element_type=\"section\" data-settings=\"{&quot;jet_parallax_layout_list&quot;:[],&quot;_ha_eqh_enable&quot;:false}\">\n\t\t\t\t\t\t<div class=\"elementor-container elementor-column-gap-default\">\n\t\t\t\t\t<div class=\"elementor-column elementor-col-100 elementor-top-column elementor-element elementor-element-d3416bd\" data-id=\"d3416bd\" data-element_type=\"column\">\n\t\t\t<div class=\"elementor-widget-wrap elementor-element-populated\">\n\t\t\t\t\t\t<div class=\"elementor-element elementor-element-b154988 elementor-widget elementor-widget-text-editor\" data-id=\"b154988\" data-element_type=\"widget\" data-widget_type=\"text-editor.default\">\n\t\t\t\t<div class=\"elementor-widget-container\">\n\t\t\t\t\t\t\t\t\t<div class=\"x_x_elementToProof\" data-olk-copy-source=\"MessageBody\"><span style=\"color: #333333;\">Estimados padres y apoderados, informamos que se encuentra\u00a0<b>vigente el proceso de prematr\u00edcula 2025,<\/b>\u00a0el que finaliza de manera i<b>mpostergable el d\u00eda mi\u00e9rcoles 4 de diciembre<\/b>. Por lo tanto, recomendamos realizar los tr\u00e1mites pendientes para llevar a\u00a0 cabo este proceso a tiempo, debido a que el\u00a0<b>jueves 5 de diciembre comienza la matr\u00edcula SAE.<\/b><\/span><\/div><div id=\"x_x_Signature\" class=\"x_x_elementToProof\"><div>\u00a0<\/div><\/div>\t\t\t\t\t\t\t\t<\/div>\n\t\t\t\t<\/div>\n\t\t\t\t\t<\/div>\n\t\t<\/div>\n\t\t\t\t\t<\/div>\n\t\t<\/section>\n\t\t\t\t<\/div>\n\t\t","protected":false},"excerpt":{"rendered":"<p>Estimados padres y apoderados, informamos que se encuentra\u00a0vigente el proceso de prematr\u00edcula 2025,\u00a0el que finaliza de manera impostergable el d\u00eda mi\u00e9rcoles 4 de diciembre. Por lo tanto, recomendamos realizar los tr\u00e1mites pendientes para llevar a\u00a0 cabo este proceso a tiempo, debido a que el\u00a0jueves 5&#8230;<\/p>\n","protected":false},"author":5,"featured_media":20125,"comment_status":"open","ping_status":"open","sticky":false,"template":"","format":"standard","meta":{"footnotes":""},"categories":[8],"tags":[],"class_list":["post-24217","post","type-post","status-publish","format-standard","has-post-thumbnail","hentry","category-destacadas"],"aioseo_notices":[],"_links":{"self":[{"href":"https:\/\/www.respaldoalcantara-alicante.cl\/alicante-valle\/wp-json\/wp\/v2\/posts\/24217","targetHints":{"allow":["GET"]}}],"collection":[{"href":"https:\/\/www.respaldoalcantara-alicante.cl\/alicante-valle\/wp-json\/wp\/v2\/posts"}],"about":[{"href":"https:\/\/www.respaldoalcantara-alicante.cl\/alicante-valle\/wp-json\/wp\/v2\/types\/post"}],"author":[{"embeddable":true,"href":"https:\/\/www.respaldoalcantara-alicante.cl\/alicante-valle\/wp-json\/wp\/v2\/users\/5"}],"replies":[{"embeddable":true,"href":"https:\/\/www.respaldoalcantara-alicante.cl\/alicante-valle\/wp-json\/wp\/v2\/comments?post=24217"}],"version-history":[{"count":4,"href":"https:\/\/www.respaldoalcantara-alicante.cl\/alicante-valle\/wp-json\/wp\/v2\/posts\/24217\/revisions"}],"predecessor-version":[{"id":24221,"href":"https:\/\/www.respaldoalcantara-alicante.cl\/alicante-valle\/wp-json\/wp\/v2\/posts\/24217\/revisions\/24221"}],"wp:featuredmedia":[{"embeddable":true,"href":"https:\/\/www.respaldoalcantara-alicante.cl\/alicante-valle\/wp-json\/wp\/v2\/media\/20125"}],"wp:attachment":[{"href":"https:\/\/www.respaldoalcantara-alicante.cl\/alicante-valle\/wp-json\/wp\/v2\/media?parent=24217"}],"wp:term":[{"taxonomy":"category","embeddable":true,"href":"https:\/\/www.respaldoalcantara-alicante.cl\/alicante-valle\/wp-json\/wp\/v2\/categories?post=24217"},{"taxonomy":"post_tag","embeddable":true,"href":"https:\/\/www.respaldoalcantara-alicante.cl\/alicante-valle\/wp-json\/wp\/v2\/tags?post=24217"}],"curies":[{"name":"wp","href":"https:\/\/api.w.org\/{rel}","templated":true}]}}