{"id":23288,"date":"2024-05-03T16:45:17","date_gmt":"2024-05-03T20:45:17","guid":{"rendered":"https:\/\/www.respaldoalcantara-alicante.cl\/alicante-sol\/?p=23288"},"modified":"2024-08-14T16:49:34","modified_gmt":"2024-08-14T20:49:34","slug":"cambios-en-el-rice","status":"publish","type":"post","link":"https:\/\/www.respaldoalcantara-alicante.cl\/alicante-sol\/2024\/05\/03\/cambios-en-el-rice\/","title":{"rendered":"Cambios en el RICE"},"content":{"rendered":"\t\t<div data-elementor-type=\"wp-post\" data-elementor-id=\"23288\" class=\"elementor elementor-23288\" data-elementor-settings=\"{&quot;ha_cmc_init_switcher&quot;:&quot;no&quot;}\" data-elementor-post-type=\"post\">\n\t\t\t\t\t\t<section class=\"elementor-section elementor-top-section elementor-element elementor-element-cb1b7e2 elementor-section-boxed elementor-section-height-default elementor-section-height-default parallax_section_no qode_elementor_container_no\" data-id=\"cb1b7e2\" data-element_type=\"section\" data-settings=\"{&quot;jet_parallax_layout_list&quot;:[],&quot;_ha_eqh_enable&quot;:false}\">\n\t\t\t\t\t\t<div class=\"elementor-container elementor-column-gap-default\">\n\t\t\t\t\t<div class=\"elementor-column elementor-col-100 elementor-top-column elementor-element elementor-element-494f456\" data-id=\"494f456\" data-element_type=\"column\">\n\t\t\t<div class=\"elementor-widget-wrap elementor-element-populated\">\n\t\t\t\t\t\t<div class=\"elementor-element elementor-element-65115e4 elementor-widget elementor-widget-text-editor\" data-id=\"65115e4\" data-element_type=\"widget\" data-widget_type=\"text-editor.default\">\n\t\t\t\t<div class=\"elementor-widget-container\">\n\t\t\t\t\t\t\t\t\t<div class=\"x_elementToProof\"><span style=\"color: #333333;\">Estimados Apoderados,<\/span><\/div><div class=\"x_elementToProof\"><span style=\"color: #333333;\">Los invitamos a revisar los ajustes realizados al RICE en relaci\u00f3n a los siguientes protocolos<\/span><\/div><ul><li><span style=\"color: #333333;\">Protocolos de actuaci\u00f3n frente a situaciones de maltrato, acoso escolar o violencia a estudiantes del colegio.<\/span><\/li><li class=\"x_elementToProof\"><span style=\"color: #333333;\">Protocolo de actuaci\u00f3n frente al mal trato entre adultos miembros de la comunidad escolar<\/span><\/li><li class=\"x_elementToProof\"><span style=\"color: #333333;\">Protocolo de actuaci\u00f3n frente a las denuncia de agresiones sexuales y\/o hechos de connotaci\u00f3n sexual que atenten en contra de la integridad de un estudiante del establecimiento.<\/span><\/li><li class=\"x_elementToProof\"><span style=\"color: #333333;\">Protocolo para el caso de denuncias de violencia de g\u00e9nero en contra de un estudiante.<\/span><\/li><li class=\"x_elementToProof\"><span style=\"color: #333333;\">Protocolo para el caso de detecci\u00f3n de situaciones de maltrato infantil o vulneraci\u00f3n de derechos de los estudiantes.<\/span><div>\u00a0<\/div><\/li><\/ul><div>\u00a0<\/div><div><span style=\"color: #333333;\">Roc\u00edo Mart\u00ednez Garc\u00eda<\/span><\/div><div><span style=\"color: #333333;\">\u00a0 \u00a0 \u00a0 \u00a0 \u00a0 \u00a0 Directora<\/span><\/div>\t\t\t\t\t\t\t\t<\/div>\n\t\t\t\t<\/div>\n\t\t\t\t\t<\/div>\n\t\t<\/div>\n\t\t\t\t\t<\/div>\n\t\t<\/section>\n\t\t\t\t<\/div>\n\t\t","protected":false},"excerpt":{"rendered":"<p>Estimados Apoderados,Los invitamos a revisar los ajustes realizados al RICE en relaci\u00f3n a los siguientes protocolos Protocolos de actuaci\u00f3n frente a situaciones de maltrato, acoso escolar o violencia a estudiantes del colegio. Protocolo de actuaci\u00f3n frente al mal trato entre adultos miembros de la comunidad&#8230;<\/p>\n","protected":false},"author":5,"featured_media":21449,"comment_status":"open","ping_status":"open","sticky":false,"template":"","format":"standard","meta":{"footnotes":""},"categories":[10],"tags":[],"class_list":["post-23288","post","type-post","status-publish","format-standard","has-post-thumbnail","hentry","category-destacadas"],"aioseo_notices":[],"_links":{"self":[{"href":"https:\/\/www.respaldoalcantara-alicante.cl\/alicante-sol\/wp-json\/wp\/v2\/posts\/23288","targetHints":{"allow":["GET"]}}],"collection":[{"href":"https:\/\/www.respaldoalcantara-alicante.cl\/alicante-sol\/wp-json\/wp\/v2\/posts"}],"about":[{"href":"https:\/\/www.respaldoalcantara-alicante.cl\/alicante-sol\/wp-json\/wp\/v2\/types\/post"}],"author":[{"embeddable":true,"href":"https:\/\/www.respaldoalcantara-alicante.cl\/alicante-sol\/wp-json\/wp\/v2\/users\/5"}],"replies":[{"embeddable":true,"href":"https:\/\/www.respaldoalcantara-alicante.cl\/alicante-sol\/wp-json\/wp\/v2\/comments?post=23288"}],"version-history":[{"count":1,"href":"https:\/\/www.respaldoalcantara-alicante.cl\/alicante-sol\/wp-json\/wp\/v2\/posts\/23288\/revisions"}],"predecessor-version":[{"id":23289,"href":"https:\/\/www.respaldoalcantara-alicante.cl\/alicante-sol\/wp-json\/wp\/v2\/posts\/23288\/revisions\/23289"}],"wp:featuredmedia":[{"embeddable":true,"href":"https:\/\/www.respaldoalcantara-alicante.cl\/alicante-sol\/wp-json\/wp\/v2\/media\/21449"}],"wp:attachment":[{"href":"https:\/\/www.respaldoalcantara-alicante.cl\/alicante-sol\/wp-json\/wp\/v2\/media?parent=23288"}],"wp:term":[{"taxonomy":"category","embeddable":true,"href":"https:\/\/www.respaldoalcantara-alicante.cl\/alicante-sol\/wp-json\/wp\/v2\/categories?post=23288"},{"taxonomy":"post_tag","embeddable":true,"href":"https:\/\/www.respaldoalcantara-alicante.cl\/alicante-sol\/wp-json\/wp\/v2\/tags?post=23288"}],"curies":[{"name":"wp","href":"https:\/\/api.w.org\/{rel}","templated":true}]}}