{"id":22843,"date":"2024-05-07T22:07:51","date_gmt":"2024-05-07T22:07:51","guid":{"rendered":"https:\/\/www.respaldoalcantara-alicante.cl\/alicante-sol\/?p=22843"},"modified":"2024-05-09T19:44:01","modified_gmt":"2024-05-09T19:44:01","slug":"dia-del-libro-en-ed-parvularia","status":"publish","type":"post","link":"https:\/\/www.respaldoalcantara-alicante.cl\/alicante-sol\/2024\/05\/07\/dia-del-libro-en-ed-parvularia\/","title":{"rendered":"D\u00eda del libro en Ed. Parvularia"},"content":{"rendered":"\t\t<div data-elementor-type=\"wp-post\" data-elementor-id=\"22843\" class=\"elementor elementor-22843\" data-elementor-settings=\"{&quot;ha_cmc_init_switcher&quot;:&quot;no&quot;}\" data-elementor-post-type=\"post\">\n\t\t\t\t\t\t<section class=\"elementor-section elementor-top-section elementor-element elementor-element-2a6c8e5 elementor-section-boxed elementor-section-height-default elementor-section-height-default parallax_section_no qode_elementor_container_no\" data-id=\"2a6c8e5\" data-element_type=\"section\" data-settings=\"{&quot;jet_parallax_layout_list&quot;:[],&quot;_ha_eqh_enable&quot;:false}\">\n\t\t\t\t\t\t<div class=\"elementor-container elementor-column-gap-default\">\n\t\t\t\t\t<div class=\"elementor-column elementor-col-100 elementor-top-column elementor-element elementor-element-c52c0e5\" data-id=\"c52c0e5\" data-element_type=\"column\">\n\t\t\t<div class=\"elementor-widget-wrap elementor-element-populated\">\n\t\t\t\t\t\t<div class=\"elementor-element elementor-element-426a493 elementor-widget elementor-widget-text-editor\" data-id=\"426a493\" data-element_type=\"widget\" data-widget_type=\"text-editor.default\">\n\t\t\t\t<div class=\"elementor-widget-container\">\n\t\t\t\t\t\t\t\t\t<div><span style=\"color: #333333;\"><i>\u201cLa lectura nos ayuda a viajar a mundos desconocidos, despierta nuestra mente y enriquece nuestro interior. Los libros son una fuente de conocimiento que nos permite entender lo que nos rodea\u201d<\/i><\/span><\/div><div>\u00a0<\/div><div><span style=\"color: #333333;\">El pasado viernes 26 de abril celebramos en el ciclo de Educaci\u00f3n Parvularia \u201cEl d\u00eda del libro\u201d. Ni\u00f1os y ni\u00f1as se lucieron desfilando los disfraces de sus personajes de cuentos favoritos, participaron de una gran murga mostrando en sus carteles el inter\u00e9s y gran valor que desde temprana edad est\u00e1n desarrollando por la lectura y los libros, trabajaron en hermosas portadas de cuentos y terminaron el d\u00eda con juegos, cantos, baile y premiaciones a los disfraces m\u00e1s originales.<\/span><\/div>\t\t\t\t\t\t\t\t<\/div>\n\t\t\t\t<\/div>\n\t\t\t\t\t<\/div>\n\t\t<\/div>\n\t\t\t\t\t<\/div>\n\t\t<\/section>\n\t\t\t\t<section class=\"elementor-section elementor-top-section elementor-element elementor-element-42f3425 elementor-section-boxed elementor-section-height-default elementor-section-height-default parallax_section_no qode_elementor_container_no\" data-id=\"42f3425\" data-element_type=\"section\" data-settings=\"{&quot;jet_parallax_layout_list&quot;:[],&quot;_ha_eqh_enable&quot;:false}\">\n\t\t\t\t\t\t<div class=\"elementor-container elementor-column-gap-default\">\n\t\t\t\t\t<div class=\"elementor-column elementor-col-100 elementor-top-column elementor-element elementor-element-3de5b25\" data-id=\"3de5b25\" data-element_type=\"column\">\n\t\t\t<div class=\"elementor-widget-wrap elementor-element-populated\">\n\t\t\t\t\t\t<div class=\"elementor-element elementor-element-58e5c8c elementor-widget elementor-widget-gallery\" data-id=\"58e5c8c\" data-element_type=\"widget\" data-settings=\"{&quot;lazyload&quot;:&quot;yes&quot;,&quot;gallery_layout&quot;:&quot;grid&quot;,&quot;columns&quot;:4,&quot;columns_tablet&quot;:2,&quot;columns_mobile&quot;:1,&quot;gap&quot;:{&quot;unit&quot;:&quot;px&quot;,&quot;size&quot;:10,&quot;sizes&quot;:[]},&quot;gap_tablet&quot;:{&quot;unit&quot;:&quot;px&quot;,&quot;size&quot;:10,&quot;sizes&quot;:[]},&quot;gap_mobile&quot;:{&quot;unit&quot;:&quot;px&quot;,&quot;size&quot;:10,&quot;sizes&quot;:[]},&quot;link_to&quot;:&quot;file&quot;,&quot;aspect_ratio&quot;:&quot;3:2&quot;,&quot;overlay_background&quot;:&quot;yes&quot;,&quot;content_hover_animation&quot;:&quot;fade-in&quot;}\" data-widget_type=\"gallery.default\">\n\t\t\t\t<div class=\"elementor-widget-container\">\n\t\t\t\t\t\t\t<div class=\"elementor-gallery__container\">\n\t\t\t\t\t\t\t<a class=\"e-gallery-item elementor-gallery-item elementor-animated-content\" href=\"https:\/\/www.respaldoalcantara-alicante.cl\/alicante-sol\/wp-content\/uploads\/sites\/11\/2024\/05\/parvulario1.jpg\" data-elementor-open-lightbox=\"yes\" data-elementor-lightbox-slideshow=\"58e5c8c\" data-elementor-lightbox-title=\"parvulario1\" data-e-action-hash=\"#elementor-action%3Aaction%3Dlightbox%26settings%3DeyJpZCI6MjI4NDYsInVybCI6Imh0dHBzOlwvXC93d3cucmVzcGFsZG9hbGNhbnRhcmEtYWxpY2FudGUuY2xcL2FsaWNhbnRlLXNvbFwvd3AtY29udGVudFwvdXBsb2Fkc1wvc2l0ZXNcLzExXC8yMDI0XC8wNVwvcGFydnVsYXJpbzEuanBnIiwic2xpZGVzaG93IjoiNThlNWM4YyJ9\">\n\t\t\t\t\t<div class=\"e-gallery-image elementor-gallery-item__image\" data-thumbnail=\"https:\/\/www.respaldoalcantara-alicante.cl\/alicante-sol\/wp-content\/uploads\/sites\/11\/2024\/05\/parvulario1-300x225.jpg\" data-width=\"300\" data-height=\"225\" aria-label=\"\" role=\"img\" ><\/div>\n\t\t\t\t\t\t\t\t\t\t\t<div class=\"elementor-gallery-item__overlay\"><\/div>\n\t\t\t\t\t\t\t\t\t\t\t\t\t\t<\/a>\n\t\t\t\t\t\t\t<a class=\"e-gallery-item elementor-gallery-item elementor-animated-content\" href=\"https:\/\/www.respaldoalcantara-alicante.cl\/alicante-sol\/wp-content\/uploads\/sites\/11\/2024\/05\/parvulario2.jpg\" data-elementor-open-lightbox=\"yes\" data-elementor-lightbox-slideshow=\"58e5c8c\" data-elementor-lightbox-title=\"parvulario2\" data-e-action-hash=\"#elementor-action%3Aaction%3Dlightbox%26settings%3DeyJpZCI6MjI4NDcsInVybCI6Imh0dHBzOlwvXC93d3cucmVzcGFsZG9hbGNhbnRhcmEtYWxpY2FudGUuY2xcL2FsaWNhbnRlLXNvbFwvd3AtY29udGVudFwvdXBsb2Fkc1wvc2l0ZXNcLzExXC8yMDI0XC8wNVwvcGFydnVsYXJpbzIuanBnIiwic2xpZGVzaG93IjoiNThlNWM4YyJ9\">\n\t\t\t\t\t<div class=\"e-gallery-image elementor-gallery-item__image\" data-thumbnail=\"https:\/\/www.respaldoalcantara-alicante.cl\/alicante-sol\/wp-content\/uploads\/sites\/11\/2024\/05\/parvulario2-300x225.jpg\" data-width=\"300\" data-height=\"225\" aria-label=\"\" role=\"img\" ><\/div>\n\t\t\t\t\t\t\t\t\t\t\t<div class=\"elementor-gallery-item__overlay\"><\/div>\n\t\t\t\t\t\t\t\t\t\t\t\t\t\t<\/a>\n\t\t\t\t\t\t\t<a class=\"e-gallery-item elementor-gallery-item elementor-animated-content\" href=\"https:\/\/www.respaldoalcantara-alicante.cl\/alicante-sol\/wp-content\/uploads\/sites\/11\/2024\/05\/parvulario3.jpg\" data-elementor-open-lightbox=\"yes\" data-elementor-lightbox-slideshow=\"58e5c8c\" data-elementor-lightbox-title=\"parvulario3\" data-e-action-hash=\"#elementor-action%3Aaction%3Dlightbox%26settings%3DeyJpZCI6MjI4NDgsInVybCI6Imh0dHBzOlwvXC93d3cucmVzcGFsZG9hbGNhbnRhcmEtYWxpY2FudGUuY2xcL2FsaWNhbnRlLXNvbFwvd3AtY29udGVudFwvdXBsb2Fkc1wvc2l0ZXNcLzExXC8yMDI0XC8wNVwvcGFydnVsYXJpbzMuanBnIiwic2xpZGVzaG93IjoiNThlNWM4YyJ9\">\n\t\t\t\t\t<div class=\"e-gallery-image elementor-gallery-item__image\" data-thumbnail=\"https:\/\/www.respaldoalcantara-alicante.cl\/alicante-sol\/wp-content\/uploads\/sites\/11\/2024\/05\/parvulario3-300x225.jpg\" data-width=\"300\" data-height=\"225\" aria-label=\"\" role=\"img\" ><\/div>\n\t\t\t\t\t\t\t\t\t\t\t<div class=\"elementor-gallery-item__overlay\"><\/div>\n\t\t\t\t\t\t\t\t\t\t\t\t\t\t<\/a>\n\t\t\t\t\t\t\t<a class=\"e-gallery-item elementor-gallery-item elementor-animated-content\" href=\"https:\/\/www.respaldoalcantara-alicante.cl\/alicante-sol\/wp-content\/uploads\/sites\/11\/2024\/05\/jardin-infantil-colegio-alicante-del-sol14.jpg\" data-elementor-open-lightbox=\"yes\" data-elementor-lightbox-slideshow=\"58e5c8c\" data-elementor-lightbox-title=\"jardin infantil colegio alicante del sol14\" data-e-action-hash=\"#elementor-action%3Aaction%3Dlightbox%26settings%3DeyJpZCI6MjI4NzYsInVybCI6Imh0dHBzOlwvXC93d3cucmVzcGFsZG9hbGNhbnRhcmEtYWxpY2FudGUuY2xcL2FsaWNhbnRlLXNvbFwvd3AtY29udGVudFwvdXBsb2Fkc1wvc2l0ZXNcLzExXC8yMDI0XC8wNVwvamFyZGluLWluZmFudGlsLWNvbGVnaW8tYWxpY2FudGUtZGVsLXNvbDE0LmpwZyIsInNsaWRlc2hvdyI6IjU4ZTVjOGMifQ%3D%3D\">\n\t\t\t\t\t<div class=\"e-gallery-image elementor-gallery-item__image\" data-thumbnail=\"https:\/\/www.respaldoalcantara-alicante.cl\/alicante-sol\/wp-content\/uploads\/sites\/11\/2024\/05\/jardin-infantil-colegio-alicante-del-sol14-300x225.jpg\" data-width=\"300\" data-height=\"225\" aria-label=\"\" role=\"img\" ><\/div>\n\t\t\t\t\t\t\t\t\t\t\t<div class=\"elementor-gallery-item__overlay\"><\/div>\n\t\t\t\t\t\t\t\t\t\t\t\t\t\t<\/a>\n\t\t\t\t\t\t\t<a class=\"e-gallery-item elementor-gallery-item elementor-animated-content\" href=\"https:\/\/www.respaldoalcantara-alicante.cl\/alicante-sol\/wp-content\/uploads\/sites\/11\/2024\/05\/jardin-infantil-colegio-alicante-del-sol15.jpg\" data-elementor-open-lightbox=\"yes\" data-elementor-lightbox-slideshow=\"58e5c8c\" data-elementor-lightbox-title=\"jardin infantil colegio alicante del sol15\" data-e-action-hash=\"#elementor-action%3Aaction%3Dlightbox%26settings%3DeyJpZCI6MjI4NzcsInVybCI6Imh0dHBzOlwvXC93d3cucmVzcGFsZG9hbGNhbnRhcmEtYWxpY2FudGUuY2xcL2FsaWNhbnRlLXNvbFwvd3AtY29udGVudFwvdXBsb2Fkc1wvc2l0ZXNcLzExXC8yMDI0XC8wNVwvamFyZGluLWluZmFudGlsLWNvbGVnaW8tYWxpY2FudGUtZGVsLXNvbDE1LmpwZyIsInNsaWRlc2hvdyI6IjU4ZTVjOGMifQ%3D%3D\">\n\t\t\t\t\t<div class=\"e-gallery-image elementor-gallery-item__image\" data-thumbnail=\"https:\/\/www.respaldoalcantara-alicante.cl\/alicante-sol\/wp-content\/uploads\/sites\/11\/2024\/05\/jardin-infantil-colegio-alicante-del-sol15-300x225.jpg\" data-width=\"300\" data-height=\"225\" aria-label=\"\" role=\"img\" ><\/div>\n\t\t\t\t\t\t\t\t\t\t\t<div class=\"elementor-gallery-item__overlay\"><\/div>\n\t\t\t\t\t\t\t\t\t\t\t\t\t\t<\/a>\n\t\t\t\t\t\t\t<a class=\"e-gallery-item elementor-gallery-item elementor-animated-content\" href=\"https:\/\/www.respaldoalcantara-alicante.cl\/alicante-sol\/wp-content\/uploads\/sites\/11\/2024\/05\/parvulario5.jpg\" data-elementor-open-lightbox=\"yes\" data-elementor-lightbox-slideshow=\"58e5c8c\" data-elementor-lightbox-title=\"parvulario5\" data-e-action-hash=\"#elementor-action%3Aaction%3Dlightbox%26settings%3DeyJpZCI6MjI4NTAsInVybCI6Imh0dHBzOlwvXC93d3cucmVzcGFsZG9hbGNhbnRhcmEtYWxpY2FudGUuY2xcL2FsaWNhbnRlLXNvbFwvd3AtY29udGVudFwvdXBsb2Fkc1wvc2l0ZXNcLzExXC8yMDI0XC8wNVwvcGFydnVsYXJpbzUuanBnIiwic2xpZGVzaG93IjoiNThlNWM4YyJ9\">\n\t\t\t\t\t<div class=\"e-gallery-image elementor-gallery-item__image\" data-thumbnail=\"https:\/\/www.respaldoalcantara-alicante.cl\/alicante-sol\/wp-content\/uploads\/sites\/11\/2024\/05\/parvulario5-300x225.jpg\" data-width=\"300\" data-height=\"225\" aria-label=\"\" role=\"img\" ><\/div>\n\t\t\t\t\t\t\t\t\t\t\t<div class=\"elementor-gallery-item__overlay\"><\/div>\n\t\t\t\t\t\t\t\t\t\t\t\t\t\t<\/a>\n\t\t\t\t\t\t\t<a class=\"e-gallery-item elementor-gallery-item elementor-animated-content\" href=\"https:\/\/www.respaldoalcantara-alicante.cl\/alicante-sol\/wp-content\/uploads\/sites\/11\/2024\/05\/jardin-infantil-colegio-alicante-del-sol1.jpg\" data-elementor-open-lightbox=\"yes\" data-elementor-lightbox-slideshow=\"58e5c8c\" data-elementor-lightbox-title=\"jardin infantil colegio alicante del sol1\" data-e-action-hash=\"#elementor-action%3Aaction%3Dlightbox%26settings%3DeyJpZCI6MjI4NjIsInVybCI6Imh0dHBzOlwvXC93d3cucmVzcGFsZG9hbGNhbnRhcmEtYWxpY2FudGUuY2xcL2FsaWNhbnRlLXNvbFwvd3AtY29udGVudFwvdXBsb2Fkc1wvc2l0ZXNcLzExXC8yMDI0XC8wNVwvamFyZGluLWluZmFudGlsLWNvbGVnaW8tYWxpY2FudGUtZGVsLXNvbDEuanBnIiwic2xpZGVzaG93IjoiNThlNWM4YyJ9\">\n\t\t\t\t\t<div class=\"e-gallery-image elementor-gallery-item__image\" data-thumbnail=\"https:\/\/www.respaldoalcantara-alicante.cl\/alicante-sol\/wp-content\/uploads\/sites\/11\/2024\/05\/jardin-infantil-colegio-alicante-del-sol1.jpg\" data-width=\"240\" data-height=\"180\" aria-label=\"\" role=\"img\" ><\/div>\n\t\t\t\t\t\t\t\t\t\t\t<div class=\"elementor-gallery-item__overlay\"><\/div>\n\t\t\t\t\t\t\t\t\t\t\t\t\t\t<\/a>\n\t\t\t\t\t\t\t<a class=\"e-gallery-item elementor-gallery-item elementor-animated-content\" href=\"https:\/\/www.respaldoalcantara-alicante.cl\/alicante-sol\/wp-content\/uploads\/sites\/11\/2024\/05\/jardin-infantil-colegio-alicante-del-sol2.jpg\" data-elementor-open-lightbox=\"yes\" data-elementor-lightbox-slideshow=\"58e5c8c\" data-elementor-lightbox-title=\"jardin infantil colegio alicante del sol2\" data-e-action-hash=\"#elementor-action%3Aaction%3Dlightbox%26settings%3DeyJpZCI6MjI4NjMsInVybCI6Imh0dHBzOlwvXC93d3cucmVzcGFsZG9hbGNhbnRhcmEtYWxpY2FudGUuY2xcL2FsaWNhbnRlLXNvbFwvd3AtY29udGVudFwvdXBsb2Fkc1wvc2l0ZXNcLzExXC8yMDI0XC8wNVwvamFyZGluLWluZmFudGlsLWNvbGVnaW8tYWxpY2FudGUtZGVsLXNvbDIuanBnIiwic2xpZGVzaG93IjoiNThlNWM4YyJ9\">\n\t\t\t\t\t<div class=\"e-gallery-image elementor-gallery-item__image\" data-thumbnail=\"https:\/\/www.respaldoalcantara-alicante.cl\/alicante-sol\/wp-content\/uploads\/sites\/11\/2024\/05\/jardin-infantil-colegio-alicante-del-sol2.jpg\" data-width=\"240\" data-height=\"180\" aria-label=\"\" role=\"img\" ><\/div>\n\t\t\t\t\t\t\t\t\t\t\t<div class=\"elementor-gallery-item__overlay\"><\/div>\n\t\t\t\t\t\t\t\t\t\t\t\t\t\t<\/a>\n\t\t\t\t\t\t\t<a class=\"e-gallery-item elementor-gallery-item elementor-animated-content\" href=\"https:\/\/www.respaldoalcantara-alicante.cl\/alicante-sol\/wp-content\/uploads\/sites\/11\/2024\/05\/jardin-infantil-colegio-alicante-del-sol3.jpg\" data-elementor-open-lightbox=\"yes\" data-elementor-lightbox-slideshow=\"58e5c8c\" data-elementor-lightbox-title=\"jardin infantil colegio alicante del sol3\" data-e-action-hash=\"#elementor-action%3Aaction%3Dlightbox%26settings%3DeyJpZCI6MjI4NjQsInVybCI6Imh0dHBzOlwvXC93d3cucmVzcGFsZG9hbGNhbnRhcmEtYWxpY2FudGUuY2xcL2FsaWNhbnRlLXNvbFwvd3AtY29udGVudFwvdXBsb2Fkc1wvc2l0ZXNcLzExXC8yMDI0XC8wNVwvamFyZGluLWluZmFudGlsLWNvbGVnaW8tYWxpY2FudGUtZGVsLXNvbDMuanBnIiwic2xpZGVzaG93IjoiNThlNWM4YyJ9\">\n\t\t\t\t\t<div class=\"e-gallery-image elementor-gallery-item__image\" data-thumbnail=\"https:\/\/www.respaldoalcantara-alicante.cl\/alicante-sol\/wp-content\/uploads\/sites\/11\/2024\/05\/jardin-infantil-colegio-alicante-del-sol3.jpg\" data-width=\"240\" data-height=\"180\" aria-label=\"\" role=\"img\" ><\/div>\n\t\t\t\t\t\t\t\t\t\t\t<div class=\"elementor-gallery-item__overlay\"><\/div>\n\t\t\t\t\t\t\t\t\t\t\t\t\t\t<\/a>\n\t\t\t\t\t\t\t<a class=\"e-gallery-item elementor-gallery-item elementor-animated-content\" href=\"https:\/\/www.respaldoalcantara-alicante.cl\/alicante-sol\/wp-content\/uploads\/sites\/11\/2024\/05\/jardin-infantil-colegio-alicante-del-sol4.jpg\" data-elementor-open-lightbox=\"yes\" data-elementor-lightbox-slideshow=\"58e5c8c\" data-elementor-lightbox-title=\"jardin infantil colegio alicante del sol4\" data-e-action-hash=\"#elementor-action%3Aaction%3Dlightbox%26settings%3DeyJpZCI6MjI4NjUsInVybCI6Imh0dHBzOlwvXC93d3cucmVzcGFsZG9hbGNhbnRhcmEtYWxpY2FudGUuY2xcL2FsaWNhbnRlLXNvbFwvd3AtY29udGVudFwvdXBsb2Fkc1wvc2l0ZXNcLzExXC8yMDI0XC8wNVwvamFyZGluLWluZmFudGlsLWNvbGVnaW8tYWxpY2FudGUtZGVsLXNvbDQuanBnIiwic2xpZGVzaG93IjoiNThlNWM4YyJ9\">\n\t\t\t\t\t<div class=\"e-gallery-image elementor-gallery-item__image\" data-thumbnail=\"https:\/\/www.respaldoalcantara-alicante.cl\/alicante-sol\/wp-content\/uploads\/sites\/11\/2024\/05\/jardin-infantil-colegio-alicante-del-sol4.jpg\" data-width=\"240\" data-height=\"180\" aria-label=\"\" role=\"img\" ><\/div>\n\t\t\t\t\t\t\t\t\t\t\t<div class=\"elementor-gallery-item__overlay\"><\/div>\n\t\t\t\t\t\t\t\t\t\t\t\t\t\t<\/a>\n\t\t\t\t\t\t\t<a class=\"e-gallery-item elementor-gallery-item elementor-animated-content\" href=\"https:\/\/www.respaldoalcantara-alicante.cl\/alicante-sol\/wp-content\/uploads\/sites\/11\/2024\/05\/jardin-infantil-colegio-alicante-del-sol5.jpg\" data-elementor-open-lightbox=\"yes\" data-elementor-lightbox-slideshow=\"58e5c8c\" data-elementor-lightbox-title=\"jardin infantil colegio alicante del sol5\" data-e-action-hash=\"#elementor-action%3Aaction%3Dlightbox%26settings%3DeyJpZCI6MjI4NjYsInVybCI6Imh0dHBzOlwvXC93d3cucmVzcGFsZG9hbGNhbnRhcmEtYWxpY2FudGUuY2xcL2FsaWNhbnRlLXNvbFwvd3AtY29udGVudFwvdXBsb2Fkc1wvc2l0ZXNcLzExXC8yMDI0XC8wNVwvamFyZGluLWluZmFudGlsLWNvbGVnaW8tYWxpY2FudGUtZGVsLXNvbDUuanBnIiwic2xpZGVzaG93IjoiNThlNWM4YyJ9\">\n\t\t\t\t\t<div class=\"e-gallery-image elementor-gallery-item__image\" data-thumbnail=\"https:\/\/www.respaldoalcantara-alicante.cl\/alicante-sol\/wp-content\/uploads\/sites\/11\/2024\/05\/jardin-infantil-colegio-alicante-del-sol5.jpg\" data-width=\"240\" data-height=\"180\" aria-label=\"\" role=\"img\" ><\/div>\n\t\t\t\t\t\t\t\t\t\t\t<div class=\"elementor-gallery-item__overlay\"><\/div>\n\t\t\t\t\t\t\t\t\t\t\t\t\t\t<\/a>\n\t\t\t\t\t\t\t<a class=\"e-gallery-item elementor-gallery-item elementor-animated-content\" href=\"https:\/\/www.respaldoalcantara-alicante.cl\/alicante-sol\/wp-content\/uploads\/sites\/11\/2024\/05\/jardin-infantil-colegio-alicante-del-sol6.jpg\" data-elementor-open-lightbox=\"yes\" data-elementor-lightbox-slideshow=\"58e5c8c\" data-elementor-lightbox-title=\"jardin infantil colegio alicante del sol6\" data-e-action-hash=\"#elementor-action%3Aaction%3Dlightbox%26settings%3DeyJpZCI6MjI4NjcsInVybCI6Imh0dHBzOlwvXC93d3cucmVzcGFsZG9hbGNhbnRhcmEtYWxpY2FudGUuY2xcL2FsaWNhbnRlLXNvbFwvd3AtY29udGVudFwvdXBsb2Fkc1wvc2l0ZXNcLzExXC8yMDI0XC8wNVwvamFyZGluLWluZmFudGlsLWNvbGVnaW8tYWxpY2FudGUtZGVsLXNvbDYuanBnIiwic2xpZGVzaG93IjoiNThlNWM4YyJ9\">\n\t\t\t\t\t<div class=\"e-gallery-image elementor-gallery-item__image\" data-thumbnail=\"https:\/\/www.respaldoalcantara-alicante.cl\/alicante-sol\/wp-content\/uploads\/sites\/11\/2024\/05\/jardin-infantil-colegio-alicante-del-sol6.jpg\" data-width=\"240\" data-height=\"180\" aria-label=\"\" role=\"img\" ><\/div>\n\t\t\t\t\t\t\t\t\t\t\t<div class=\"elementor-gallery-item__overlay\"><\/div>\n\t\t\t\t\t\t\t\t\t\t\t\t\t\t<\/a>\n\t\t\t\t\t\t\t<a class=\"e-gallery-item elementor-gallery-item elementor-animated-content\" href=\"https:\/\/www.respaldoalcantara-alicante.cl\/alicante-sol\/wp-content\/uploads\/sites\/11\/2024\/05\/jardin-infantil-colegio-alicante-del-sol7.jpg\" data-elementor-open-lightbox=\"yes\" data-elementor-lightbox-slideshow=\"58e5c8c\" data-elementor-lightbox-title=\"jardin infantil colegio alicante del sol7\" data-e-action-hash=\"#elementor-action%3Aaction%3Dlightbox%26settings%3DeyJpZCI6MjI4NjksInVybCI6Imh0dHBzOlwvXC93d3cucmVzcGFsZG9hbGNhbnRhcmEtYWxpY2FudGUuY2xcL2FsaWNhbnRlLXNvbFwvd3AtY29udGVudFwvdXBsb2Fkc1wvc2l0ZXNcLzExXC8yMDI0XC8wNVwvamFyZGluLWluZmFudGlsLWNvbGVnaW8tYWxpY2FudGUtZGVsLXNvbDcuanBnIiwic2xpZGVzaG93IjoiNThlNWM4YyJ9\">\n\t\t\t\t\t<div class=\"e-gallery-image elementor-gallery-item__image\" data-thumbnail=\"https:\/\/www.respaldoalcantara-alicante.cl\/alicante-sol\/wp-content\/uploads\/sites\/11\/2024\/05\/jardin-infantil-colegio-alicante-del-sol7.jpg\" data-width=\"240\" data-height=\"180\" aria-label=\"\" role=\"img\" ><\/div>\n\t\t\t\t\t\t\t\t\t\t\t<div class=\"elementor-gallery-item__overlay\"><\/div>\n\t\t\t\t\t\t\t\t\t\t\t\t\t\t<\/a>\n\t\t\t\t\t\t\t<a class=\"e-gallery-item elementor-gallery-item elementor-animated-content\" href=\"https:\/\/www.respaldoalcantara-alicante.cl\/alicante-sol\/wp-content\/uploads\/sites\/11\/2024\/05\/jardin-infantil-colegio-alicante-del-sol8.jpg\" data-elementor-open-lightbox=\"yes\" data-elementor-lightbox-slideshow=\"58e5c8c\" data-elementor-lightbox-title=\"jardin infantil colegio alicante del sol8\" data-e-action-hash=\"#elementor-action%3Aaction%3Dlightbox%26settings%3DeyJpZCI6MjI4NzAsInVybCI6Imh0dHBzOlwvXC93d3cucmVzcGFsZG9hbGNhbnRhcmEtYWxpY2FudGUuY2xcL2FsaWNhbnRlLXNvbFwvd3AtY29udGVudFwvdXBsb2Fkc1wvc2l0ZXNcLzExXC8yMDI0XC8wNVwvamFyZGluLWluZmFudGlsLWNvbGVnaW8tYWxpY2FudGUtZGVsLXNvbDguanBnIiwic2xpZGVzaG93IjoiNThlNWM4YyJ9\">\n\t\t\t\t\t<div class=\"e-gallery-image elementor-gallery-item__image\" data-thumbnail=\"https:\/\/www.respaldoalcantara-alicante.cl\/alicante-sol\/wp-content\/uploads\/sites\/11\/2024\/05\/jardin-infantil-colegio-alicante-del-sol8.jpg\" data-width=\"240\" data-height=\"128\" aria-label=\"\" role=\"img\" ><\/div>\n\t\t\t\t\t\t\t\t\t\t\t<div class=\"elementor-gallery-item__overlay\"><\/div>\n\t\t\t\t\t\t\t\t\t\t\t\t\t\t<\/a>\n\t\t\t\t\t\t\t<a class=\"e-gallery-item elementor-gallery-item elementor-animated-content\" href=\"https:\/\/www.respaldoalcantara-alicante.cl\/alicante-sol\/wp-content\/uploads\/sites\/11\/2024\/05\/jardin-infantil-colegio-alicante-del-sol9.jpg\" data-elementor-open-lightbox=\"yes\" data-elementor-lightbox-slideshow=\"58e5c8c\" data-elementor-lightbox-title=\"jardin infantil colegio alicante del sol9\" data-e-action-hash=\"#elementor-action%3Aaction%3Dlightbox%26settings%3DeyJpZCI6MjI4NzEsInVybCI6Imh0dHBzOlwvXC93d3cucmVzcGFsZG9hbGNhbnRhcmEtYWxpY2FudGUuY2xcL2FsaWNhbnRlLXNvbFwvd3AtY29udGVudFwvdXBsb2Fkc1wvc2l0ZXNcLzExXC8yMDI0XC8wNVwvamFyZGluLWluZmFudGlsLWNvbGVnaW8tYWxpY2FudGUtZGVsLXNvbDkuanBnIiwic2xpZGVzaG93IjoiNThlNWM4YyJ9\">\n\t\t\t\t\t<div class=\"e-gallery-image elementor-gallery-item__image\" data-thumbnail=\"https:\/\/www.respaldoalcantara-alicante.cl\/alicante-sol\/wp-content\/uploads\/sites\/11\/2024\/05\/jardin-infantil-colegio-alicante-del-sol9.jpg\" data-width=\"240\" data-height=\"101\" aria-label=\"\" role=\"img\" ><\/div>\n\t\t\t\t\t\t\t\t\t\t\t<div class=\"elementor-gallery-item__overlay\"><\/div>\n\t\t\t\t\t\t\t\t\t\t\t\t\t\t<\/a>\n\t\t\t\t\t\t\t<a class=\"e-gallery-item elementor-gallery-item elementor-animated-content\" href=\"https:\/\/www.respaldoalcantara-alicante.cl\/alicante-sol\/wp-content\/uploads\/sites\/11\/2024\/05\/jardin-infantil-colegio-alicante-del-sol10.jpg\" data-elementor-open-lightbox=\"yes\" data-elementor-lightbox-slideshow=\"58e5c8c\" data-elementor-lightbox-title=\"jardin infantil colegio alicante del sol10\" data-e-action-hash=\"#elementor-action%3Aaction%3Dlightbox%26settings%3DeyJpZCI6MjI4NzIsInVybCI6Imh0dHBzOlwvXC93d3cucmVzcGFsZG9hbGNhbnRhcmEtYWxpY2FudGUuY2xcL2FsaWNhbnRlLXNvbFwvd3AtY29udGVudFwvdXBsb2Fkc1wvc2l0ZXNcLzExXC8yMDI0XC8wNVwvamFyZGluLWluZmFudGlsLWNvbGVnaW8tYWxpY2FudGUtZGVsLXNvbDEwLmpwZyIsInNsaWRlc2hvdyI6IjU4ZTVjOGMifQ%3D%3D\">\n\t\t\t\t\t<div class=\"e-gallery-image elementor-gallery-item__image\" data-thumbnail=\"https:\/\/www.respaldoalcantara-alicante.cl\/alicante-sol\/wp-content\/uploads\/sites\/11\/2024\/05\/jardin-infantil-colegio-alicante-del-sol10.jpg\" data-width=\"240\" data-height=\"105\" aria-label=\"\" role=\"img\" ><\/div>\n\t\t\t\t\t\t\t\t\t\t\t<div class=\"elementor-gallery-item__overlay\"><\/div>\n\t\t\t\t\t\t\t\t\t\t\t\t\t\t<\/a>\n\t\t\t\t\t\t\t<a class=\"e-gallery-item elementor-gallery-item elementor-animated-content\" href=\"https:\/\/www.respaldoalcantara-alicante.cl\/alicante-sol\/wp-content\/uploads\/sites\/11\/2024\/05\/jardin-infantil-colegio-alicante-del-sol11.jpg\" data-elementor-open-lightbox=\"yes\" data-elementor-lightbox-slideshow=\"58e5c8c\" data-elementor-lightbox-title=\"jardin infantil colegio alicante del sol11\" data-e-action-hash=\"#elementor-action%3Aaction%3Dlightbox%26settings%3DeyJpZCI6MjI4NzMsInVybCI6Imh0dHBzOlwvXC93d3cucmVzcGFsZG9hbGNhbnRhcmEtYWxpY2FudGUuY2xcL2FsaWNhbnRlLXNvbFwvd3AtY29udGVudFwvdXBsb2Fkc1wvc2l0ZXNcLzExXC8yMDI0XC8wNVwvamFyZGluLWluZmFudGlsLWNvbGVnaW8tYWxpY2FudGUtZGVsLXNvbDExLmpwZyIsInNsaWRlc2hvdyI6IjU4ZTVjOGMifQ%3D%3D\">\n\t\t\t\t\t<div class=\"e-gallery-image elementor-gallery-item__image\" data-thumbnail=\"https:\/\/www.respaldoalcantara-alicante.cl\/alicante-sol\/wp-content\/uploads\/sites\/11\/2024\/05\/jardin-infantil-colegio-alicante-del-sol11.jpg\" data-width=\"240\" data-height=\"160\" aria-label=\"\" role=\"img\" ><\/div>\n\t\t\t\t\t\t\t\t\t\t\t<div class=\"elementor-gallery-item__overlay\"><\/div>\n\t\t\t\t\t\t\t\t\t\t\t\t\t\t<\/a>\n\t\t\t\t\t\t\t<a class=\"e-gallery-item elementor-gallery-item elementor-animated-content\" href=\"https:\/\/www.respaldoalcantara-alicante.cl\/alicante-sol\/wp-content\/uploads\/sites\/11\/2024\/05\/jardin-infantil-colegio-alicante-del-sol12.jpg\" data-elementor-open-lightbox=\"yes\" data-elementor-lightbox-slideshow=\"58e5c8c\" data-elementor-lightbox-title=\"jardin infantil colegio alicante del sol12\" data-e-action-hash=\"#elementor-action%3Aaction%3Dlightbox%26settings%3DeyJpZCI6MjI4NzQsInVybCI6Imh0dHBzOlwvXC93d3cucmVzcGFsZG9hbGNhbnRhcmEtYWxpY2FudGUuY2xcL2FsaWNhbnRlLXNvbFwvd3AtY29udGVudFwvdXBsb2Fkc1wvc2l0ZXNcLzExXC8yMDI0XC8wNVwvamFyZGluLWluZmFudGlsLWNvbGVnaW8tYWxpY2FudGUtZGVsLXNvbDEyLmpwZyIsInNsaWRlc2hvdyI6IjU4ZTVjOGMifQ%3D%3D\">\n\t\t\t\t\t<div class=\"e-gallery-image elementor-gallery-item__image\" data-thumbnail=\"https:\/\/www.respaldoalcantara-alicante.cl\/alicante-sol\/wp-content\/uploads\/sites\/11\/2024\/05\/jardin-infantil-colegio-alicante-del-sol12.jpg\" data-width=\"240\" data-height=\"237\" aria-label=\"\" role=\"img\" ><\/div>\n\t\t\t\t\t\t\t\t\t\t\t<div class=\"elementor-gallery-item__overlay\"><\/div>\n\t\t\t\t\t\t\t\t\t\t\t\t\t\t<\/a>\n\t\t\t\t\t\t\t<a class=\"e-gallery-item elementor-gallery-item elementor-animated-content\" href=\"https:\/\/www.respaldoalcantara-alicante.cl\/alicante-sol\/wp-content\/uploads\/sites\/11\/2024\/05\/jardin-infantil-colegio-alicante-del-sol13.jpg\" data-elementor-open-lightbox=\"yes\" data-elementor-lightbox-slideshow=\"58e5c8c\" data-elementor-lightbox-title=\"jardin infantil colegio alicante del sol13\" data-e-action-hash=\"#elementor-action%3Aaction%3Dlightbox%26settings%3DeyJpZCI6MjI4NzUsInVybCI6Imh0dHBzOlwvXC93d3cucmVzcGFsZG9hbGNhbnRhcmEtYWxpY2FudGUuY2xcL2FsaWNhbnRlLXNvbFwvd3AtY29udGVudFwvdXBsb2Fkc1wvc2l0ZXNcLzExXC8yMDI0XC8wNVwvamFyZGluLWluZmFudGlsLWNvbGVnaW8tYWxpY2FudGUtZGVsLXNvbDEzLmpwZyIsInNsaWRlc2hvdyI6IjU4ZTVjOGMifQ%3D%3D\">\n\t\t\t\t\t<div class=\"e-gallery-image elementor-gallery-item__image\" data-thumbnail=\"https:\/\/www.respaldoalcantara-alicante.cl\/alicante-sol\/wp-content\/uploads\/sites\/11\/2024\/05\/jardin-infantil-colegio-alicante-del-sol13.jpg\" data-width=\"240\" data-height=\"180\" aria-label=\"\" role=\"img\" ><\/div>\n\t\t\t\t\t\t\t\t\t\t\t<div class=\"elementor-gallery-item__overlay\"><\/div>\n\t\t\t\t\t\t\t\t\t\t\t\t\t\t<\/a>\n\t\t\t\t\t\t\t<a class=\"e-gallery-item elementor-gallery-item elementor-animated-content\" href=\"https:\/\/www.respaldoalcantara-alicante.cl\/alicante-sol\/wp-content\/uploads\/sites\/11\/2024\/05\/jardin-infantil-colegio-alicante-del-sol16.jpg\" data-elementor-open-lightbox=\"yes\" data-elementor-lightbox-slideshow=\"58e5c8c\" data-elementor-lightbox-title=\"jardin infantil colegio alicante del sol16\" data-e-action-hash=\"#elementor-action%3Aaction%3Dlightbox%26settings%3DeyJpZCI6MjI4NzgsInVybCI6Imh0dHBzOlwvXC93d3cucmVzcGFsZG9hbGNhbnRhcmEtYWxpY2FudGUuY2xcL2FsaWNhbnRlLXNvbFwvd3AtY29udGVudFwvdXBsb2Fkc1wvc2l0ZXNcLzExXC8yMDI0XC8wNVwvamFyZGluLWluZmFudGlsLWNvbGVnaW8tYWxpY2FudGUtZGVsLXNvbDE2LmpwZyIsInNsaWRlc2hvdyI6IjU4ZTVjOGMifQ%3D%3D\">\n\t\t\t\t\t<div class=\"e-gallery-image elementor-gallery-item__image\" data-thumbnail=\"https:\/\/www.respaldoalcantara-alicante.cl\/alicante-sol\/wp-content\/uploads\/sites\/11\/2024\/05\/jardin-infantil-colegio-alicante-del-sol16-300x225.jpg\" data-width=\"300\" data-height=\"225\" aria-label=\"\" role=\"img\" ><\/div>\n\t\t\t\t\t\t\t\t\t\t\t<div class=\"elementor-gallery-item__overlay\"><\/div>\n\t\t\t\t\t\t\t\t\t\t\t\t\t\t<\/a>\n\t\t\t\t\t\t\t<a class=\"e-gallery-item elementor-gallery-item elementor-animated-content\" href=\"https:\/\/www.respaldoalcantara-alicante.cl\/alicante-sol\/wp-content\/uploads\/sites\/11\/2024\/05\/jardin-infantil-colegio-alicante-del-sol18.jpg\" data-elementor-open-lightbox=\"yes\" data-elementor-lightbox-slideshow=\"58e5c8c\" data-elementor-lightbox-title=\"jardin infantil colegio alicante del sol18\" data-e-action-hash=\"#elementor-action%3Aaction%3Dlightbox%26settings%3DeyJpZCI6MjI4NzksInVybCI6Imh0dHBzOlwvXC93d3cucmVzcGFsZG9hbGNhbnRhcmEtYWxpY2FudGUuY2xcL2FsaWNhbnRlLXNvbFwvd3AtY29udGVudFwvdXBsb2Fkc1wvc2l0ZXNcLzExXC8yMDI0XC8wNVwvamFyZGluLWluZmFudGlsLWNvbGVnaW8tYWxpY2FudGUtZGVsLXNvbDE4LmpwZyIsInNsaWRlc2hvdyI6IjU4ZTVjOGMifQ%3D%3D\">\n\t\t\t\t\t<div class=\"e-gallery-image elementor-gallery-item__image\" data-thumbnail=\"https:\/\/www.respaldoalcantara-alicante.cl\/alicante-sol\/wp-content\/uploads\/sites\/11\/2024\/05\/jardin-infantil-colegio-alicante-del-sol18-300x225.jpg\" data-width=\"300\" data-height=\"225\" aria-label=\"\" role=\"img\" ><\/div>\n\t\t\t\t\t\t\t\t\t\t\t<div class=\"elementor-gallery-item__overlay\"><\/div>\n\t\t\t\t\t\t\t\t\t\t\t\t\t\t<\/a>\n\t\t\t\t\t<\/div>\n\t\t\t\t\t<\/div>\n\t\t\t\t<\/div>\n\t\t\t\t\t<\/div>\n\t\t<\/div>\n\t\t\t\t\t<\/div>\n\t\t<\/section>\n\t\t\t\t<\/div>\n\t\t","protected":false},"excerpt":{"rendered":"<p>\u201cLa lectura nos ayuda a viajar a mundos desconocidos, despierta nuestra mente y enriquece nuestro interior. Los libros son una fuente de conocimiento que nos permite entender lo que nos rodea\u201d\u00a0El pasado viernes 26 de abril celebramos en el ciclo de Educaci\u00f3n Parvularia \u201cEl d\u00eda&#8230;<\/p>\n","protected":false},"author":5,"featured_media":22844,"comment_status":"open","ping_status":"open","sticky":false,"template":"","format":"standard","meta":{"footnotes":""},"categories":[2,8,10,14],"tags":[],"class_list":["post-22843","post","type-post","status-publish","format-standard","has-post-thumbnail","hentry","category-academicas","category-culturales","category-destacadas","category-noticias-parvulario"],"aioseo_notices":[],"_links":{"self":[{"href":"https:\/\/www.respaldoalcantara-alicante.cl\/alicante-sol\/wp-json\/wp\/v2\/posts\/22843","targetHints":{"allow":["GET"]}}],"collection":[{"href":"https:\/\/www.respaldoalcantara-alicante.cl\/alicante-sol\/wp-json\/wp\/v2\/posts"}],"about":[{"href":"https:\/\/www.respaldoalcantara-alicante.cl\/alicante-sol\/wp-json\/wp\/v2\/types\/post"}],"author":[{"embeddable":true,"href":"https:\/\/www.respaldoalcantara-alicante.cl\/alicante-sol\/wp-json\/wp\/v2\/users\/5"}],"replies":[{"embeddable":true,"href":"https:\/\/www.respaldoalcantara-alicante.cl\/alicante-sol\/wp-json\/wp\/v2\/comments?post=22843"}],"version-history":[{"count":7,"href":"https:\/\/www.respaldoalcantara-alicante.cl\/alicante-sol\/wp-json\/wp\/v2\/posts\/22843\/revisions"}],"predecessor-version":[{"id":22882,"href":"https:\/\/www.respaldoalcantara-alicante.cl\/alicante-sol\/wp-json\/wp\/v2\/posts\/22843\/revisions\/22882"}],"wp:featuredmedia":[{"embeddable":true,"href":"https:\/\/www.respaldoalcantara-alicante.cl\/alicante-sol\/wp-json\/wp\/v2\/media\/22844"}],"wp:attachment":[{"href":"https:\/\/www.respaldoalcantara-alicante.cl\/alicante-sol\/wp-json\/wp\/v2\/media?parent=22843"}],"wp:term":[{"taxonomy":"category","embeddable":true,"href":"https:\/\/www.respaldoalcantara-alicante.cl\/alicante-sol\/wp-json\/wp\/v2\/categories?post=22843"},{"taxonomy":"post_tag","embeddable":true,"href":"https:\/\/www.respaldoalcantara-alicante.cl\/alicante-sol\/wp-json\/wp\/v2\/tags?post=22843"}],"curies":[{"name":"wp","href":"https:\/\/api.w.org\/{rel}","templated":true}]}}