{"id":22490,"date":"2024-01-03T06:53:58","date_gmt":"2024-01-03T06:53:58","guid":{"rendered":"https:\/\/www.respaldoalcantara-alicante.cl\/alicante-sol\/?p=22490"},"modified":"2024-01-04T19:20:18","modified_gmt":"2024-01-04T19:20:18","slug":"procedimiento-postulacion-vacantes-2024","status":"publish","type":"post","link":"https:\/\/www.respaldoalcantara-alicante.cl\/alicante-sol\/2024\/01\/03\/procedimiento-postulacion-vacantes-2024\/","title":{"rendered":"Procedimiento postulaci\u00f3n vacantes 2024"},"content":{"rendered":"\t\t<div data-elementor-type=\"wp-post\" data-elementor-id=\"22490\" class=\"elementor elementor-22490\" data-elementor-settings=\"{&quot;ha_cmc_init_switcher&quot;:&quot;no&quot;}\" data-elementor-post-type=\"post\">\n\t\t\t\t\t\t<section class=\"elementor-section elementor-top-section elementor-element elementor-element-bc70fa3 elementor-section-boxed elementor-section-height-default elementor-section-height-default parallax_section_no qode_elementor_container_no\" data-id=\"bc70fa3\" data-element_type=\"section\" data-settings=\"{&quot;jet_parallax_layout_list&quot;:[],&quot;_ha_eqh_enable&quot;:false}\">\n\t\t\t\t\t\t<div class=\"elementor-container elementor-column-gap-default\">\n\t\t\t\t\t<div class=\"elementor-column elementor-col-100 elementor-top-column elementor-element elementor-element-0c4d635\" data-id=\"0c4d635\" data-element_type=\"column\">\n\t\t\t<div class=\"elementor-widget-wrap elementor-element-populated\">\n\t\t\t\t\t\t<div class=\"elementor-element elementor-element-f5472d9 elementor-widget elementor-widget-text-editor\" data-id=\"f5472d9\" data-element_type=\"widget\" data-widget_type=\"text-editor.default\">\n\t\t\t\t<div class=\"elementor-widget-container\">\n\t\t\t\t\t\t\t\t\t<p><span style=\"text-decoration: underline;\"><strong>\u00bfQu\u00e9 es \u00abAn\u00f3tate en la lista\u00bb?<\/strong><\/span><\/p><p>Es una nueva plataforma del Ministerio de Educaci\u00f3n que permitir\u00e1 a las y los apoderados buscar una vacante en un establecimiento p\u00fablico o particular subvencionado una vez que ya terminaron las postulaciones del Sistema de Admisi\u00f3n Escolar (SAE) y el proceso de matr\u00edcula.<\/p><p>Por lo tanto,\u00a0 servir\u00e1 para que los apoderados busquen una vacante si es que no quedaron asignados en un establecimiento al terminar el SAE o si es que requieren cambiarse durante al a\u00f1o.<\/p><p>\u00a0<\/p><p>Todo el proceso es a trav\u00e9s de la p\u00e1gina: <a href=\"https:\/\/www.sistemadeadmisionescolar.cl\/\">https:\/\/www.sistemadeadmisionescolar.cl\/<\/a><\/p><p>\u00a0<\/p><p><span style=\"text-decoration: underline;\"><strong>FECHAS:<\/strong><\/span><\/p><ul><li><strong>Desde el 3 de enero\u00a0 conoce la plataforma y preincr\u00edbete como apoderado.<\/strong><\/li><li><strong>A partir del 19 de enero \u00abAN\u00d3TATE EN LA LISTA\u00bb e ingresa tu solicitud.<\/strong><\/li><\/ul><p>\u00a0<\/p><p><a href=\"https:\/\/www.mineduc.cl\/anotate-en-la-lista-la-plataforma-para-que-apoderados-solicten-vacantes\/\">https:\/\/www.mineduc.cl\/anotate-en-la-lista-la-plataforma-para-que-apoderados-solicten-vacantes\/<\/a><\/p><p>\u00a0<\/p><p>Descargue\u00a0 informativos<\/p><p><img decoding=\"async\" class=\"alignnone size-full wp-image-17746\" src=\"https:\/\/www.respaldoalcantara-alicante.cl\/alicante-sol\/wp-content\/uploads\/sites\/11\/2021\/03\/iconopdf-e1617582936524.png\" alt=\"\" width=\"30\" height=\"32\" \/> <a href=\"https:\/\/www.respaldoalcantara-alicante.cl\/alicante-sol\/wp-content\/uploads\/sites\/11\/2024\/01\/Resumen-Anotate-en-la-Lista-2.pdf\">Resumen Ano\u0301tate en la Lista 2<\/a><\/p><p><img decoding=\"async\" class=\"alignnone size-full wp-image-17746\" src=\"https:\/\/www.respaldoalcantara-alicante.cl\/alicante-sol\/wp-content\/uploads\/sites\/11\/2021\/03\/iconopdf-e1617582936524.png\" alt=\"\" width=\"30\" height=\"32\" \/> <a href=\"https:\/\/www.respaldoalcantara-alicante.cl\/alicante-sol\/wp-content\/uploads\/sites\/11\/2024\/01\/Triptico-Anotate-en-la-Lista-02-01-24.pdf\">Tri\u0301ptico-Ano\u0301tate en la Lista-02-01-24<\/a><\/p><p>\u00a0<\/p>\t\t\t\t\t\t\t\t<\/div>\n\t\t\t\t<\/div>\n\t\t\t\t\t<\/div>\n\t\t<\/div>\n\t\t\t\t\t<\/div>\n\t\t<\/section>\n\t\t\t\t<\/div>\n\t\t","protected":false},"excerpt":{"rendered":"<p>\u00bfQu\u00e9 es \u00abAn\u00f3tate en la lista\u00bb? Es una nueva plataforma del Ministerio de Educaci\u00f3n que permitir\u00e1 a las y los apoderados buscar una vacante en un establecimiento p\u00fablico o particular subvencionado una vez que ya terminaron las postulaciones del Sistema de Admisi\u00f3n Escolar (SAE) y&#8230;<\/p>\n","protected":false},"author":5,"featured_media":22492,"comment_status":"open","ping_status":"open","sticky":false,"template":"","format":"standard","meta":{"footnotes":""},"categories":[10],"tags":[],"class_list":["post-22490","post","type-post","status-publish","format-standard","has-post-thumbnail","hentry","category-destacadas"],"aioseo_notices":[],"_links":{"self":[{"href":"https:\/\/www.respaldoalcantara-alicante.cl\/alicante-sol\/wp-json\/wp\/v2\/posts\/22490","targetHints":{"allow":["GET"]}}],"collection":[{"href":"https:\/\/www.respaldoalcantara-alicante.cl\/alicante-sol\/wp-json\/wp\/v2\/posts"}],"about":[{"href":"https:\/\/www.respaldoalcantara-alicante.cl\/alicante-sol\/wp-json\/wp\/v2\/types\/post"}],"author":[{"embeddable":true,"href":"https:\/\/www.respaldoalcantara-alicante.cl\/alicante-sol\/wp-json\/wp\/v2\/users\/5"}],"replies":[{"embeddable":true,"href":"https:\/\/www.respaldoalcantara-alicante.cl\/alicante-sol\/wp-json\/wp\/v2\/comments?post=22490"}],"version-history":[{"count":25,"href":"https:\/\/www.respaldoalcantara-alicante.cl\/alicante-sol\/wp-json\/wp\/v2\/posts\/22490\/revisions"}],"predecessor-version":[{"id":22567,"href":"https:\/\/www.respaldoalcantara-alicante.cl\/alicante-sol\/wp-json\/wp\/v2\/posts\/22490\/revisions\/22567"}],"wp:featuredmedia":[{"embeddable":true,"href":"https:\/\/www.respaldoalcantara-alicante.cl\/alicante-sol\/wp-json\/wp\/v2\/media\/22492"}],"wp:attachment":[{"href":"https:\/\/www.respaldoalcantara-alicante.cl\/alicante-sol\/wp-json\/wp\/v2\/media?parent=22490"}],"wp:term":[{"taxonomy":"category","embeddable":true,"href":"https:\/\/www.respaldoalcantara-alicante.cl\/alicante-sol\/wp-json\/wp\/v2\/categories?post=22490"},{"taxonomy":"post_tag","embeddable":true,"href":"https:\/\/www.respaldoalcantara-alicante.cl\/alicante-sol\/wp-json\/wp\/v2\/tags?post=22490"}],"curies":[{"name":"wp","href":"https:\/\/api.w.org\/{rel}","templated":true}]}}