{"id":22310,"date":"2023-10-02T20:02:09","date_gmt":"2023-10-02T20:02:09","guid":{"rendered":"https:\/\/www.respaldoalcantara-alicante.cl\/alicante-sol\/?p=22310"},"modified":"2023-10-02T20:04:25","modified_gmt":"2023-10-02T20:04:25","slug":"dia-de-las-y-los-asistentes-de-la-educacion","status":"publish","type":"post","link":"https:\/\/www.respaldoalcantara-alicante.cl\/alicante-sol\/2023\/10\/02\/dia-de-las-y-los-asistentes-de-la-educacion\/","title":{"rendered":"D\u00eda de las y los Asistentes de la Educaci\u00f3n"},"content":{"rendered":"\t\t<div data-elementor-type=\"wp-post\" data-elementor-id=\"22310\" class=\"elementor elementor-22310\" data-elementor-settings=\"{&quot;ha_cmc_init_switcher&quot;:&quot;no&quot;}\" data-elementor-post-type=\"post\">\n\t\t\t\t\t\t<section class=\"elementor-section elementor-top-section elementor-element elementor-element-e071a1b elementor-section-boxed elementor-section-height-default elementor-section-height-default parallax_section_no qode_elementor_container_no\" data-id=\"e071a1b\" data-element_type=\"section\" data-settings=\"{&quot;jet_parallax_layout_list&quot;:[],&quot;_ha_eqh_enable&quot;:false}\">\n\t\t\t\t\t\t<div class=\"elementor-container elementor-column-gap-default\">\n\t\t\t\t\t<div class=\"elementor-column elementor-col-100 elementor-top-column elementor-element elementor-element-2b34a74\" data-id=\"2b34a74\" data-element_type=\"column\">\n\t\t\t<div class=\"elementor-widget-wrap elementor-element-populated\">\n\t\t\t\t\t\t<div class=\"elementor-element elementor-element-2dd5189 elementor-widget elementor-widget-text-editor\" data-id=\"2dd5189\" data-element_type=\"widget\" data-widget_type=\"text-editor.default\">\n\t\t\t\t<div class=\"elementor-widget-container\">\n\t\t\t\t\t\t\t\t\t<p>El a\u00f1o 1993 se instituy\u00f3 el D\u00eda de las y los Asistentes de la Educaci\u00f3n, que cada 1\u00ba de octubre se celebra en el pa\u00eds como una forma de reconocer el aporte fundamental que realizan estas y estos funcionarios al proceso educacional de los ni\u00f1os, ni\u00f1as y adolescentes.<\/p>\t\t\t\t\t\t\t\t<\/div>\n\t\t\t\t<\/div>\n\t\t\t\t\t<\/div>\n\t\t<\/div>\n\t\t\t\t\t<\/div>\n\t\t<\/section>\n\t\t\t\t<section class=\"elementor-section elementor-top-section elementor-element elementor-element-862855c elementor-section-boxed elementor-section-height-default elementor-section-height-default parallax_section_no qode_elementor_container_no\" data-id=\"862855c\" data-element_type=\"section\" data-settings=\"{&quot;jet_parallax_layout_list&quot;:[],&quot;_ha_eqh_enable&quot;:false}\">\n\t\t\t\t\t\t<div class=\"elementor-container elementor-column-gap-default\">\n\t\t\t\t\t<div class=\"elementor-column elementor-col-100 elementor-top-column elementor-element elementor-element-e748429\" data-id=\"e748429\" data-element_type=\"column\">\n\t\t\t<div class=\"elementor-widget-wrap elementor-element-populated\">\n\t\t\t\t\t\t<div class=\"elementor-element elementor-element-85a124f elementor-widget elementor-widget-image\" data-id=\"85a124f\" data-element_type=\"widget\" data-widget_type=\"image.default\">\n\t\t\t\t<div class=\"elementor-widget-container\">\n\t\t\t\t\t\t\t\t\t\t\t\t\t\t\t<img fetchpriority=\"high\" decoding=\"async\" width=\"659\" height=\"552\" src=\"https:\/\/www.respaldoalcantara-alicante.cl\/alicante-sol\/wp-content\/uploads\/sites\/11\/2023\/10\/Captura-de-Pantalla-2023-10-02-a-las-16.54.35.png\" class=\"attachment-large size-large wp-image-22313\" alt=\"\" srcset=\"https:\/\/www.respaldoalcantara-alicante.cl\/alicante-sol\/wp-content\/uploads\/sites\/11\/2023\/10\/Captura-de-Pantalla-2023-10-02-a-las-16.54.35.png 659w, https:\/\/www.respaldoalcantara-alicante.cl\/alicante-sol\/wp-content\/uploads\/sites\/11\/2023\/10\/Captura-de-Pantalla-2023-10-02-a-las-16.54.35-300x251.png 300w\" sizes=\"(max-width: 659px) 100vw, 659px\" \/>\t\t\t\t\t\t\t\t\t\t\t\t\t\t\t<\/div>\n\t\t\t\t<\/div>\n\t\t\t\t\t<\/div>\n\t\t<\/div>\n\t\t\t\t\t<\/div>\n\t\t<\/section>\n\t\t\t\t<\/div>\n\t\t","protected":false},"excerpt":{"rendered":"<p>El a\u00f1o 1993 se instituy\u00f3 el D\u00eda de las y los Asistentes de la Educaci\u00f3n, que cada 1\u00ba de octubre se celebra en el pa\u00eds como una forma de reconocer el aporte fundamental que realizan estas y estos funcionarios al proceso educacional de los ni\u00f1os,&#8230;<\/p>\n","protected":false},"author":5,"featured_media":22311,"comment_status":"open","ping_status":"open","sticky":false,"template":"","format":"standard","meta":{"footnotes":""},"categories":[10],"tags":[],"class_list":["post-22310","post","type-post","status-publish","format-standard","has-post-thumbnail","hentry","category-destacadas"],"aioseo_notices":[],"_links":{"self":[{"href":"https:\/\/www.respaldoalcantara-alicante.cl\/alicante-sol\/wp-json\/wp\/v2\/posts\/22310","targetHints":{"allow":["GET"]}}],"collection":[{"href":"https:\/\/www.respaldoalcantara-alicante.cl\/alicante-sol\/wp-json\/wp\/v2\/posts"}],"about":[{"href":"https:\/\/www.respaldoalcantara-alicante.cl\/alicante-sol\/wp-json\/wp\/v2\/types\/post"}],"author":[{"embeddable":true,"href":"https:\/\/www.respaldoalcantara-alicante.cl\/alicante-sol\/wp-json\/wp\/v2\/users\/5"}],"replies":[{"embeddable":true,"href":"https:\/\/www.respaldoalcantara-alicante.cl\/alicante-sol\/wp-json\/wp\/v2\/comments?post=22310"}],"version-history":[{"count":4,"href":"https:\/\/www.respaldoalcantara-alicante.cl\/alicante-sol\/wp-json\/wp\/v2\/posts\/22310\/revisions"}],"predecessor-version":[{"id":22316,"href":"https:\/\/www.respaldoalcantara-alicante.cl\/alicante-sol\/wp-json\/wp\/v2\/posts\/22310\/revisions\/22316"}],"wp:featuredmedia":[{"embeddable":true,"href":"https:\/\/www.respaldoalcantara-alicante.cl\/alicante-sol\/wp-json\/wp\/v2\/media\/22311"}],"wp:attachment":[{"href":"https:\/\/www.respaldoalcantara-alicante.cl\/alicante-sol\/wp-json\/wp\/v2\/media?parent=22310"}],"wp:term":[{"taxonomy":"category","embeddable":true,"href":"https:\/\/www.respaldoalcantara-alicante.cl\/alicante-sol\/wp-json\/wp\/v2\/categories?post=22310"},{"taxonomy":"post_tag","embeddable":true,"href":"https:\/\/www.respaldoalcantara-alicante.cl\/alicante-sol\/wp-json\/wp\/v2\/tags?post=22310"}],"curies":[{"name":"wp","href":"https:\/\/api.w.org\/{rel}","templated":true}]}}