{"id":22298,"date":"2023-09-26T18:23:17","date_gmt":"2023-09-26T18:23:17","guid":{"rendered":"https:\/\/www.respaldoalcantara-alicante.cl\/alicante-sol\/?p=22298"},"modified":"2023-09-26T18:25:01","modified_gmt":"2023-09-26T18:25:01","slug":"dia-de-la-prevencion-del-embarazo-adolescente","status":"publish","type":"post","link":"https:\/\/www.respaldoalcantara-alicante.cl\/alicante-sol\/2023\/09\/26\/dia-de-la-prevencion-del-embarazo-adolescente\/","title":{"rendered":"D\u00eda de la prevenci\u00f3n del embarazo adolescente"},"content":{"rendered":"\t\t<div data-elementor-type=\"wp-post\" data-elementor-id=\"22298\" class=\"elementor elementor-22298\" data-elementor-settings=\"{&quot;ha_cmc_init_switcher&quot;:&quot;no&quot;}\" data-elementor-post-type=\"post\">\n\t\t\t\t\t\t<section class=\"elementor-section elementor-top-section elementor-element elementor-element-96a7c66 elementor-section-boxed elementor-section-height-default elementor-section-height-default parallax_section_no qode_elementor_container_no\" data-id=\"96a7c66\" data-element_type=\"section\" data-settings=\"{&quot;jet_parallax_layout_list&quot;:[],&quot;_ha_eqh_enable&quot;:false}\">\n\t\t\t\t\t\t<div class=\"elementor-container elementor-column-gap-default\">\n\t\t\t\t\t<div class=\"elementor-column elementor-col-100 elementor-top-column elementor-element elementor-element-abb9546\" data-id=\"abb9546\" data-element_type=\"column\">\n\t\t\t<div class=\"elementor-widget-wrap elementor-element-populated\">\n\t\t\t\t\t\t<div class=\"elementor-element elementor-element-b68c43b elementor-widget elementor-widget-text-editor\" data-id=\"b68c43b\" data-element_type=\"widget\" data-widget_type=\"text-editor.default\">\n\t\t\t\t<div class=\"elementor-widget-container\">\n\t\t\t\t\t\t\t\t\t<p><b>\u201cD\u00eda Internacional de la Prevenci\u00f3n del embarazo no planificado en la adolescente\u201d<\/b>.<\/p><p>\u00a0<\/p><p>El 26 de septiembre se designa como D\u00eda Mundial de Prevenci\u00f3n del Embarazo en Adolescentes, como un llamado a que adolescentes y j\u00f3venes tengan acceso a la informaci\u00f3n y orientaci\u00f3n para construir proyectos de vida saludables y productivos, para que puedan desarrollar su m\u00e1ximo potencial.<\/p><p>\u00a0<\/p><p><img decoding=\"async\" class=\"alignnone size-full wp-image-17746\" src=\"https:\/\/www.respaldoalcantara-alicante.cl\/alicante-sol\/wp-content\/uploads\/sites\/11\/2021\/03\/iconopdf-e1617582936524.png\" alt=\"\" width=\"30\" height=\"32\" \/> <a href=\"https:\/\/www.respaldoalcantara-alicante.cl\/alicante-sol\/wp-content\/uploads\/sites\/11\/2023\/09\/26-de-septiembre-Prevencion-embarazo-adolescente.pdf\">26 de septiembre Prevencio\u0301n embarazo adolescente<\/a><\/p>\t\t\t\t\t\t\t\t<\/div>\n\t\t\t\t<\/div>\n\t\t\t\t\t<\/div>\n\t\t<\/div>\n\t\t\t\t\t<\/div>\n\t\t<\/section>\n\t\t\t\t<\/div>\n\t\t","protected":false},"excerpt":{"rendered":"<p>\u201cD\u00eda Internacional de la Prevenci\u00f3n del embarazo no planificado en la adolescente\u201d. \u00a0 El 26 de septiembre se designa como D\u00eda Mundial de Prevenci\u00f3n del Embarazo en Adolescentes, como un llamado a que adolescentes y j\u00f3venes tengan acceso a la informaci\u00f3n y orientaci\u00f3n para construir&#8230;<\/p>\n","protected":false},"author":5,"featured_media":22299,"comment_status":"open","ping_status":"open","sticky":false,"template":"","format":"standard","meta":{"footnotes":""},"categories":[7,10],"tags":[],"class_list":["post-22298","post","type-post","status-publish","format-standard","has-post-thumbnail","hentry","category-convivencia-escolar","category-destacadas"],"aioseo_notices":[],"_links":{"self":[{"href":"https:\/\/www.respaldoalcantara-alicante.cl\/alicante-sol\/wp-json\/wp\/v2\/posts\/22298","targetHints":{"allow":["GET"]}}],"collection":[{"href":"https:\/\/www.respaldoalcantara-alicante.cl\/alicante-sol\/wp-json\/wp\/v2\/posts"}],"about":[{"href":"https:\/\/www.respaldoalcantara-alicante.cl\/alicante-sol\/wp-json\/wp\/v2\/types\/post"}],"author":[{"embeddable":true,"href":"https:\/\/www.respaldoalcantara-alicante.cl\/alicante-sol\/wp-json\/wp\/v2\/users\/5"}],"replies":[{"embeddable":true,"href":"https:\/\/www.respaldoalcantara-alicante.cl\/alicante-sol\/wp-json\/wp\/v2\/comments?post=22298"}],"version-history":[{"count":4,"href":"https:\/\/www.respaldoalcantara-alicante.cl\/alicante-sol\/wp-json\/wp\/v2\/posts\/22298\/revisions"}],"predecessor-version":[{"id":22304,"href":"https:\/\/www.respaldoalcantara-alicante.cl\/alicante-sol\/wp-json\/wp\/v2\/posts\/22298\/revisions\/22304"}],"wp:featuredmedia":[{"embeddable":true,"href":"https:\/\/www.respaldoalcantara-alicante.cl\/alicante-sol\/wp-json\/wp\/v2\/media\/22299"}],"wp:attachment":[{"href":"https:\/\/www.respaldoalcantara-alicante.cl\/alicante-sol\/wp-json\/wp\/v2\/media?parent=22298"}],"wp:term":[{"taxonomy":"category","embeddable":true,"href":"https:\/\/www.respaldoalcantara-alicante.cl\/alicante-sol\/wp-json\/wp\/v2\/categories?post=22298"},{"taxonomy":"post_tag","embeddable":true,"href":"https:\/\/www.respaldoalcantara-alicante.cl\/alicante-sol\/wp-json\/wp\/v2\/tags?post=22298"}],"curies":[{"name":"wp","href":"https:\/\/api.w.org\/{rel}","templated":true}]}}