{"id":22220,"date":"2023-08-11T00:01:00","date_gmt":"2023-08-11T00:01:00","guid":{"rendered":"https:\/\/www.respaldoalcantara-alicante.cl\/alicante-sol\/?p=22220"},"modified":"2023-08-10T16:00:04","modified_gmt":"2023-08-10T16:00:04","slug":"dia-mundial-de-la-prevencion-del-suicidio","status":"publish","type":"post","link":"https:\/\/www.respaldoalcantara-alicante.cl\/alicante-sol\/2023\/08\/11\/dia-mundial-de-la-prevencion-del-suicidio\/","title":{"rendered":"D\u00eda mundial de la prevenci\u00f3n del suicidio"},"content":{"rendered":"\t\t<div data-elementor-type=\"wp-post\" data-elementor-id=\"22220\" class=\"elementor elementor-22220\" data-elementor-settings=\"{&quot;ha_cmc_init_switcher&quot;:&quot;no&quot;}\" data-elementor-post-type=\"post\">\n\t\t\t\t\t\t<section class=\"elementor-section elementor-top-section elementor-element elementor-element-7b3ec7a elementor-section-boxed elementor-section-height-default elementor-section-height-default parallax_section_no qode_elementor_container_no\" data-id=\"7b3ec7a\" data-element_type=\"section\" data-settings=\"{&quot;jet_parallax_layout_list&quot;:[],&quot;_ha_eqh_enable&quot;:false}\">\n\t\t\t\t\t\t<div class=\"elementor-container elementor-column-gap-default\">\n\t\t\t\t\t<div class=\"elementor-column elementor-col-100 elementor-top-column elementor-element elementor-element-3aafe88\" data-id=\"3aafe88\" data-element_type=\"column\">\n\t\t\t<div class=\"elementor-widget-wrap elementor-element-populated\">\n\t\t\t\t\t\t<div class=\"elementor-element elementor-element-7fc5adc elementor-widget elementor-widget-text-editor\" data-id=\"7fc5adc\" data-element_type=\"widget\" data-widget_type=\"text-editor.default\">\n\t\t\t\t<div class=\"elementor-widget-container\">\n\t\t\t\t\t\t\t\t\t<div class=\"x_elementToProof\">El 11 de agosto se conmemora el \u00abD\u00eda de la prevenci\u00f3n del suicidio\u00bb.<\/div><div class=\"x_elementToProof\">\u00a0<\/div><p>Los problemas de salud mental afectan a 2 de cada 10 personas en Chile y las ideas sobre el suicidio son mucho m\u00e1s comunes de lo que pensamos. De hecho, cerca de 1.800 personas mueren al a\u00f1o en el pa\u00eds por suicido y por cada uno de estos, alrededor de 20 personas realizan un intento.<\/p><p class=\"x_elementToProof\">Hoy,\u00a0 que se conmemora a nivel mundial el D\u00eda para la Prevenci\u00f3n del Suicidio, nos unimos a este llamado para crear conciencia y generar acciones de prevenci\u00f3n. Por lo tanto, si tienes un problema de enfermedad mental con ideaci\u00f3n suicida, es importante no aislarse o intentar solucionar las cosas por tu cuenta.\u00a0\u00a0<\/p>\t\t\t\t\t\t\t\t<\/div>\n\t\t\t\t<\/div>\n\t\t\t\t\t<\/div>\n\t\t<\/div>\n\t\t\t\t\t<\/div>\n\t\t<\/section>\n\t\t\t\t<section class=\"elementor-section elementor-top-section elementor-element elementor-element-e8ebb84 elementor-section-boxed elementor-section-height-default elementor-section-height-default parallax_section_no qode_elementor_container_no\" data-id=\"e8ebb84\" data-element_type=\"section\" data-settings=\"{&quot;jet_parallax_layout_list&quot;:[],&quot;_ha_eqh_enable&quot;:false}\">\n\t\t\t\t\t\t<div class=\"elementor-container elementor-column-gap-default\">\n\t\t\t\t\t<div class=\"elementor-column elementor-col-100 elementor-top-column elementor-element elementor-element-3d1df55\" data-id=\"3d1df55\" data-element_type=\"column\">\n\t\t\t<div class=\"elementor-widget-wrap elementor-element-populated\">\n\t\t\t\t\t\t<div class=\"elementor-element elementor-element-3f45a31 elementor-widget elementor-widget-video\" data-id=\"3f45a31\" data-element_type=\"widget\" data-settings=\"{&quot;youtube_url&quot;:&quot;https:\\\/\\\/youtu.be\\\/5zxQJG1khlc&quot;,&quot;video_type&quot;:&quot;youtube&quot;,&quot;controls&quot;:&quot;yes&quot;}\" data-widget_type=\"video.default\">\n\t\t\t\t<div class=\"elementor-widget-container\">\n\t\t\t\t\t\t\t<div class=\"elementor-wrapper elementor-open-inline\">\n\t\t\t<div class=\"elementor-video\"><\/div>\t\t<\/div>\n\t\t\t\t\t\t<\/div>\n\t\t\t\t<\/div>\n\t\t\t\t\t<\/div>\n\t\t<\/div>\n\t\t\t\t\t<\/div>\n\t\t<\/section>\n\t\t\t\t<\/div>\n\t\t","protected":false},"excerpt":{"rendered":"<p>El 11 de agosto se conmemora el \u00abD\u00eda de la prevenci\u00f3n del suicidio\u00bb.\u00a0 Los problemas de salud mental afectan a 2 de cada 10 personas en Chile y las ideas sobre el suicidio son mucho m\u00e1s comunes de lo que pensamos. De hecho, cerca de&#8230;<\/p>\n","protected":false},"author":5,"featured_media":20934,"comment_status":"open","ping_status":"open","sticky":false,"template":"","format":"standard","meta":{"footnotes":""},"categories":[7,10],"tags":[],"class_list":["post-22220","post","type-post","status-publish","format-standard","has-post-thumbnail","hentry","category-convivencia-escolar","category-destacadas"],"aioseo_notices":[],"_links":{"self":[{"href":"https:\/\/www.respaldoalcantara-alicante.cl\/alicante-sol\/wp-json\/wp\/v2\/posts\/22220","targetHints":{"allow":["GET"]}}],"collection":[{"href":"https:\/\/www.respaldoalcantara-alicante.cl\/alicante-sol\/wp-json\/wp\/v2\/posts"}],"about":[{"href":"https:\/\/www.respaldoalcantara-alicante.cl\/alicante-sol\/wp-json\/wp\/v2\/types\/post"}],"author":[{"embeddable":true,"href":"https:\/\/www.respaldoalcantara-alicante.cl\/alicante-sol\/wp-json\/wp\/v2\/users\/5"}],"replies":[{"embeddable":true,"href":"https:\/\/www.respaldoalcantara-alicante.cl\/alicante-sol\/wp-json\/wp\/v2\/comments?post=22220"}],"version-history":[{"count":4,"href":"https:\/\/www.respaldoalcantara-alicante.cl\/alicante-sol\/wp-json\/wp\/v2\/posts\/22220\/revisions"}],"predecessor-version":[{"id":22224,"href":"https:\/\/www.respaldoalcantara-alicante.cl\/alicante-sol\/wp-json\/wp\/v2\/posts\/22220\/revisions\/22224"}],"wp:featuredmedia":[{"embeddable":true,"href":"https:\/\/www.respaldoalcantara-alicante.cl\/alicante-sol\/wp-json\/wp\/v2\/media\/20934"}],"wp:attachment":[{"href":"https:\/\/www.respaldoalcantara-alicante.cl\/alicante-sol\/wp-json\/wp\/v2\/media?parent=22220"}],"wp:term":[{"taxonomy":"category","embeddable":true,"href":"https:\/\/www.respaldoalcantara-alicante.cl\/alicante-sol\/wp-json\/wp\/v2\/categories?post=22220"},{"taxonomy":"post_tag","embeddable":true,"href":"https:\/\/www.respaldoalcantara-alicante.cl\/alicante-sol\/wp-json\/wp\/v2\/tags?post=22220"}],"curies":[{"name":"wp","href":"https:\/\/api.w.org\/{rel}","templated":true}]}}