{"id":22211,"date":"2023-08-01T21:23:41","date_gmt":"2023-08-01T21:23:41","guid":{"rendered":"https:\/\/www.respaldoalcantara-alicante.cl\/alicante-sol\/?p=22211"},"modified":"2023-08-01T21:24:46","modified_gmt":"2023-08-01T21:24:46","slug":"talleres-para-padres","status":"publish","type":"post","link":"https:\/\/www.respaldoalcantara-alicante.cl\/alicante-sol\/2023\/08\/01\/talleres-para-padres\/","title":{"rendered":"Talleres para padres"},"content":{"rendered":"\t\t<div data-elementor-type=\"wp-post\" data-elementor-id=\"22211\" class=\"elementor elementor-22211\" data-elementor-settings=\"{&quot;ha_cmc_init_switcher&quot;:&quot;no&quot;}\" data-elementor-post-type=\"post\">\n\t\t\t\t\t\t<section class=\"elementor-section elementor-top-section elementor-element elementor-element-a1b5d8a elementor-section-boxed elementor-section-height-default elementor-section-height-default parallax_section_no qode_elementor_container_no\" data-id=\"a1b5d8a\" data-element_type=\"section\" data-settings=\"{&quot;jet_parallax_layout_list&quot;:[],&quot;_ha_eqh_enable&quot;:false}\">\n\t\t\t\t\t\t<div class=\"elementor-container elementor-column-gap-default\">\n\t\t\t\t\t<div class=\"elementor-column elementor-col-100 elementor-top-column elementor-element elementor-element-30821fc\" data-id=\"30821fc\" data-element_type=\"column\">\n\t\t\t<div class=\"elementor-widget-wrap elementor-element-populated\">\n\t\t\t\t\t\t<div class=\"elementor-element elementor-element-434d693 elementor-widget elementor-widget-text-editor\" data-id=\"434d693\" data-element_type=\"widget\" data-widget_type=\"text-editor.default\">\n\t\t\t\t<div class=\"elementor-widget-container\">\n\t\t\t\t\t\t\t\t\t<p>El Departamento de Convivencia Escolar de nuestro colegio, a trav\u00e9s de los profesores jefes, realiz\u00f3 talleres en las reuniones de apoderados realizadas en el mes de julio; enmarcadas en escuelas para padres.<\/p><p><strong><span style=\"text-decoration: underline;\">Las tem\u00e1ticas por niveles fueron:<\/span><\/strong><\/p><div class=\"x_x_x_elementToProof\"><strong>Ense\u00f1anza media:<\/strong> Acompa\u00f1amiento en Salud mental<\/div><div class=\"x_x_x_elementToProof\"><strong>Segundo ciclo:<\/strong> Acompa\u00f1amiento en sexualidad<\/div><div class=\"x_x_x_elementToProof\"><strong>Primer ciclo:<\/strong> Acompa\u00f1amiento en uso de la tecnolog\u00eda.<\/div><div>\u00a0<\/div><div>A continuaci\u00f3n les dejamos los archivos para que lo revisen y lo conversen en familia.<\/div><div>\u00a0<\/div><div><img decoding=\"async\" class=\"alignnone size-full wp-image-17746\" src=\"https:\/\/www.respaldoalcantara-alicante.cl\/alicante-sol\/wp-content\/uploads\/sites\/11\/2021\/03\/iconopdf-e1617582936524.png\" alt=\"\" width=\"30\" height=\"32\" \/> <a href=\"https:\/\/www.respaldoalcantara-alicante.cl\/alicante-sol\/wp-content\/uploads\/sites\/11\/2023\/08\/Acompanamiento-Salud-Mental-Apoderados-Media.pdf\">Acompan\u0303amiento Salud Mental Apoderados Media<\/a><\/div><div>\u00a0<\/div><div><img decoding=\"async\" class=\"alignnone size-full wp-image-22215\" src=\"https:\/\/www.respaldoalcantara-alicante.cl\/alicante-sol\/wp-content\/uploads\/sites\/11\/2023\/08\/icono-ppt.png\" alt=\"\" width=\"35\" height=\"35\" \/> <a href=\"https:\/\/www.respaldoalcantara-alicante.cl\/alicante-sol\/wp-content\/uploads\/sites\/11\/2023\/08\/Sexualidad-afectividad-y-respeto-2-ciclo.pptx\">Sexualidad, afectividad y respeto 2 ciclo<\/a><\/div><div>\u00a0<\/div><div><img decoding=\"async\" class=\"alignnone size-full wp-image-17746\" src=\"https:\/\/www.respaldoalcantara-alicante.cl\/alicante-sol\/wp-content\/uploads\/sites\/11\/2021\/03\/iconopdf-e1617582936524.png\" alt=\"\" width=\"30\" height=\"32\" \/> <a href=\"https:\/\/www.respaldoalcantara-alicante.cl\/alicante-sol\/wp-content\/uploads\/sites\/11\/2023\/08\/Relacion-Saludable-con-la-Tecnologia-1-ciclo.pdf\">Relacio\u0301n Saludable con la Tecnologi\u0301a 1 ciclo<\/a><\/div><div>\u00a0<\/div><div>\u00a0<\/div><div class=\"x_x_x_elementToProof\">\u00a0<\/div><p>\u00a0<\/p><div class=\"x_x_x_elementToProof\">\u00a0<\/div>\t\t\t\t\t\t\t\t<\/div>\n\t\t\t\t<\/div>\n\t\t\t\t\t<\/div>\n\t\t<\/div>\n\t\t\t\t\t<\/div>\n\t\t<\/section>\n\t\t\t\t<\/div>\n\t\t","protected":false},"excerpt":{"rendered":"<p>El Departamento de Convivencia Escolar de nuestro colegio, a trav\u00e9s de los profesores jefes, realiz\u00f3 talleres en las reuniones de apoderados realizadas en el mes de julio; enmarcadas en escuelas para padres. Las tem\u00e1ticas por niveles fueron: Ense\u00f1anza media: Acompa\u00f1amiento en Salud mentalSegundo ciclo: Acompa\u00f1amiento&#8230;<\/p>\n","protected":false},"author":5,"featured_media":22041,"comment_status":"open","ping_status":"open","sticky":false,"template":"","format":"standard","meta":{"footnotes":""},"categories":[7,10],"tags":[],"class_list":["post-22211","post","type-post","status-publish","format-standard","has-post-thumbnail","hentry","category-convivencia-escolar","category-destacadas"],"aioseo_notices":[],"_links":{"self":[{"href":"https:\/\/www.respaldoalcantara-alicante.cl\/alicante-sol\/wp-json\/wp\/v2\/posts\/22211","targetHints":{"allow":["GET"]}}],"collection":[{"href":"https:\/\/www.respaldoalcantara-alicante.cl\/alicante-sol\/wp-json\/wp\/v2\/posts"}],"about":[{"href":"https:\/\/www.respaldoalcantara-alicante.cl\/alicante-sol\/wp-json\/wp\/v2\/types\/post"}],"author":[{"embeddable":true,"href":"https:\/\/www.respaldoalcantara-alicante.cl\/alicante-sol\/wp-json\/wp\/v2\/users\/5"}],"replies":[{"embeddable":true,"href":"https:\/\/www.respaldoalcantara-alicante.cl\/alicante-sol\/wp-json\/wp\/v2\/comments?post=22211"}],"version-history":[{"count":4,"href":"https:\/\/www.respaldoalcantara-alicante.cl\/alicante-sol\/wp-json\/wp\/v2\/posts\/22211\/revisions"}],"predecessor-version":[{"id":22219,"href":"https:\/\/www.respaldoalcantara-alicante.cl\/alicante-sol\/wp-json\/wp\/v2\/posts\/22211\/revisions\/22219"}],"wp:featuredmedia":[{"embeddable":true,"href":"https:\/\/www.respaldoalcantara-alicante.cl\/alicante-sol\/wp-json\/wp\/v2\/media\/22041"}],"wp:attachment":[{"href":"https:\/\/www.respaldoalcantara-alicante.cl\/alicante-sol\/wp-json\/wp\/v2\/media?parent=22211"}],"wp:term":[{"taxonomy":"category","embeddable":true,"href":"https:\/\/www.respaldoalcantara-alicante.cl\/alicante-sol\/wp-json\/wp\/v2\/categories?post=22211"},{"taxonomy":"post_tag","embeddable":true,"href":"https:\/\/www.respaldoalcantara-alicante.cl\/alicante-sol\/wp-json\/wp\/v2\/tags?post=22211"}],"curies":[{"name":"wp","href":"https:\/\/api.w.org\/{rel}","templated":true}]}}