{"id":22164,"date":"2023-07-20T13:50:50","date_gmt":"2023-07-20T13:50:50","guid":{"rendered":"https:\/\/www.respaldoalcantara-alicante.cl\/alicante-sol\/?p=22164"},"modified":"2023-07-20T14:15:26","modified_gmt":"2023-07-20T14:15:26","slug":"inicia-proceso-de-postulacion-a-becas-2024","status":"publish","type":"post","link":"https:\/\/www.respaldoalcantara-alicante.cl\/alicante-sol\/2023\/07\/20\/inicia-proceso-de-postulacion-a-becas-2024\/","title":{"rendered":"Inicia proceso de postulaci\u00f3n a Becas 2024"},"content":{"rendered":"\t\t<div data-elementor-type=\"wp-post\" data-elementor-id=\"22164\" class=\"elementor elementor-22164\" data-elementor-settings=\"{&quot;ha_cmc_init_switcher&quot;:&quot;no&quot;}\" data-elementor-post-type=\"post\">\n\t\t\t\t\t\t<section class=\"elementor-section elementor-top-section elementor-element elementor-element-d767a4e elementor-section-boxed elementor-section-height-default elementor-section-height-default parallax_section_no qode_elementor_container_no\" data-id=\"d767a4e\" data-element_type=\"section\" data-settings=\"{&quot;jet_parallax_layout_list&quot;:[],&quot;_ha_eqh_enable&quot;:false}\">\n\t\t\t\t\t\t<div class=\"elementor-container elementor-column-gap-default\">\n\t\t\t\t\t<div class=\"elementor-column elementor-col-100 elementor-top-column elementor-element elementor-element-778f33a\" data-id=\"778f33a\" data-element_type=\"column\">\n\t\t\t<div class=\"elementor-widget-wrap elementor-element-populated\">\n\t\t\t\t\t\t<div class=\"elementor-element elementor-element-e4c23a7 elementor-widget elementor-widget-text-editor\" data-id=\"e4c23a7\" data-element_type=\"widget\" data-widget_type=\"text-editor.default\">\n\t\t\t\t<div class=\"elementor-widget-container\">\n\t\t\t\t\t\t\t\t\t<p class=\"x_MsoNormal\"><span class=\"x_ContentPasted0\">Estimada Comunidad Alicante del Sol,\u00a0<\/span><\/p><p>\u00a0<\/p><p class=\"x_MsoNormal\"><span class=\"x_ContentPasted0\">Junto con saludar y esperando tengan un muy buen retorno al segundo semestre acad\u00e9mico, les enviamos un documento con las instrucciones para que los apoderados activen su mail institucional de manera que puedan postular a las becas para el a\u00f1o lectivo 2024. \u00a0<\/span><\/p><p>\u00a0<\/p><p class=\"x_MsoNormal\"><span class=\"x_ContentPasted0\">La activaci\u00f3n de cuenta es para todos los apoderados y apoderadas, sin embargo, la postulaci\u00f3n a becas debe realizarla solo el tutor econ\u00f3mico.\u00a0<\/span><\/p><p>\u00a0<\/p><p class=\"x_MsoNormal\"><span class=\"x_ContentPasted0\">Es importante mencionarles que en un nuevo comunicado les enviaremos las instrucciones para postular a las becas.\u00a0<\/span><\/p><p>\u00a0<\/p><p class=\"x_MsoNormal\"><strong><span class=\"x_ContentPasted0\">Plazo para la activaci\u00f3n de cuenta: martes 25 de julio a las 16:00 h.<\/span><\/strong><\/p><p class=\"x_MsoNormal\">\u00a0<\/p><p><img decoding=\"async\" class=\"alignnone size-full wp-image-17746\" src=\"https:\/\/www.respaldoalcantara-alicante.cl\/alicante-sol\/wp-content\/uploads\/sites\/11\/2021\/03\/iconopdf-e1617582936524.png\" alt=\"\" width=\"30\" height=\"32\" \/> <a href=\"https:\/\/www.respaldoalcantara-alicante.cl\/alicante-sol\/wp-content\/uploads\/sites\/11\/2023\/07\/Mail-Activa-cuenta-SOL2024.pdf\">Mail Activa cuenta SOL2024<\/a><\/p><p>\u00a0<\/p><p class=\"x_MsoNormal\"><span class=\"x_ContentPasted0\">Atentamente\u00a0<\/span><\/p><p class=\"x_MsoNormal\"><span class=\"x_ContentPasted0\">DIRECCI\u00d3N\u00a0<\/span><\/p>\t\t\t\t\t\t\t\t<\/div>\n\t\t\t\t<\/div>\n\t\t\t\t\t<\/div>\n\t\t<\/div>\n\t\t\t\t\t<\/div>\n\t\t<\/section>\n\t\t\t\t<\/div>\n\t\t","protected":false},"excerpt":{"rendered":"<p>Estimada Comunidad Alicante del Sol,\u00a0 \u00a0 Junto con saludar y esperando tengan un muy buen retorno al segundo semestre acad\u00e9mico, les enviamos un documento con las instrucciones para que los apoderados activen su mail institucional de manera que puedan postular a las becas para el&#8230;<\/p>\n","protected":false},"author":5,"featured_media":22166,"comment_status":"open","ping_status":"open","sticky":false,"template":"","format":"standard","meta":{"footnotes":""},"categories":[28,10],"tags":[],"class_list":["post-22164","post","type-post","status-publish","format-standard","has-post-thumbnail","hentry","category-comunicado","category-destacadas"],"aioseo_notices":[],"_links":{"self":[{"href":"https:\/\/www.respaldoalcantara-alicante.cl\/alicante-sol\/wp-json\/wp\/v2\/posts\/22164","targetHints":{"allow":["GET"]}}],"collection":[{"href":"https:\/\/www.respaldoalcantara-alicante.cl\/alicante-sol\/wp-json\/wp\/v2\/posts"}],"about":[{"href":"https:\/\/www.respaldoalcantara-alicante.cl\/alicante-sol\/wp-json\/wp\/v2\/types\/post"}],"author":[{"embeddable":true,"href":"https:\/\/www.respaldoalcantara-alicante.cl\/alicante-sol\/wp-json\/wp\/v2\/users\/5"}],"replies":[{"embeddable":true,"href":"https:\/\/www.respaldoalcantara-alicante.cl\/alicante-sol\/wp-json\/wp\/v2\/comments?post=22164"}],"version-history":[{"count":10,"href":"https:\/\/www.respaldoalcantara-alicante.cl\/alicante-sol\/wp-json\/wp\/v2\/posts\/22164\/revisions"}],"predecessor-version":[{"id":22177,"href":"https:\/\/www.respaldoalcantara-alicante.cl\/alicante-sol\/wp-json\/wp\/v2\/posts\/22164\/revisions\/22177"}],"wp:featuredmedia":[{"embeddable":true,"href":"https:\/\/www.respaldoalcantara-alicante.cl\/alicante-sol\/wp-json\/wp\/v2\/media\/22166"}],"wp:attachment":[{"href":"https:\/\/www.respaldoalcantara-alicante.cl\/alicante-sol\/wp-json\/wp\/v2\/media?parent=22164"}],"wp:term":[{"taxonomy":"category","embeddable":true,"href":"https:\/\/www.respaldoalcantara-alicante.cl\/alicante-sol\/wp-json\/wp\/v2\/categories?post=22164"},{"taxonomy":"post_tag","embeddable":true,"href":"https:\/\/www.respaldoalcantara-alicante.cl\/alicante-sol\/wp-json\/wp\/v2\/tags?post=22164"}],"curies":[{"name":"wp","href":"https:\/\/api.w.org\/{rel}","templated":true}]}}