{"id":22040,"date":"2023-05-26T14:20:32","date_gmt":"2023-05-26T14:20:32","guid":{"rendered":"https:\/\/www.respaldoalcantara-alicante.cl\/alicante-sol\/?p=22040"},"modified":"2023-05-26T14:26:53","modified_gmt":"2023-05-26T14:26:53","slug":"invitacion-a-charla-escuela-para-padres","status":"publish","type":"post","link":"https:\/\/www.respaldoalcantara-alicante.cl\/alicante-sol\/2023\/05\/26\/invitacion-a-charla-escuela-para-padres\/","title":{"rendered":"Invitaci\u00f3n a charla \u00abEscuela para padres\u00bb"},"content":{"rendered":"\t\t<div data-elementor-type=\"wp-post\" data-elementor-id=\"22040\" class=\"elementor elementor-22040\" data-elementor-settings=\"{&quot;ha_cmc_init_switcher&quot;:&quot;no&quot;}\" data-elementor-post-type=\"post\">\n\t\t\t\t\t\t<section class=\"elementor-section elementor-top-section elementor-element elementor-element-663d3ae elementor-section-boxed elementor-section-height-default elementor-section-height-default parallax_section_no qode_elementor_container_no\" data-id=\"663d3ae\" data-element_type=\"section\" data-settings=\"{&quot;jet_parallax_layout_list&quot;:[],&quot;_ha_eqh_enable&quot;:false}\">\n\t\t\t\t\t\t<div class=\"elementor-container elementor-column-gap-default\">\n\t\t\t\t\t<div class=\"elementor-column elementor-col-100 elementor-top-column elementor-element elementor-element-f8cb54c\" data-id=\"f8cb54c\" data-element_type=\"column\">\n\t\t\t<div class=\"elementor-widget-wrap elementor-element-populated\">\n\t\t\t\t\t\t<div class=\"elementor-element elementor-element-9dcb646 elementor-widget elementor-widget-text-editor\" data-id=\"9dcb646\" data-element_type=\"widget\" data-widget_type=\"text-editor.default\">\n\t\t\t\t<div class=\"elementor-widget-container\">\n\t\t\t\t\t\t\t\t\t<p>Estimadas familias alicantinas:<\/p><p>\u00a0<\/p><p>Junto con saludar y esperando se encuentren muy bien, nos complace informar e invitarlos a una instancia muy valiosa como colegio, mediante escuelas para padres, madres y apoderados.<\/p><p>En esta ocasi\u00f3n los invitamos a participar a una charla organizada por el Departamento de Convivencia Escolar, en donde la tem\u00e1tica ser\u00e1:<\/p><p><strong>\u00abC\u00f3mo establecer normas y l\u00edmites con nuestros hijos: herramienta fundamental en el manejo de la tolerancia a la frustraci\u00f3n\u00bb.<\/strong><\/p><p>Esta se llevar\u00e1 a cabo en nuestro colegio de manera presencial, y est\u00e1 dirigida a los niveles de prek\u00ednder. K\u00ednder 1\u00b0 y 2\u00b0 b\u00e1sicos.<\/p><p><span style=\"text-decoration: underline;\">A continuaci\u00f3n, se presenta el detalle de la charla:<\/span><\/p><p>Fecha: lunes 29 de mayo 2023, \u00a019:00 horas.<\/p><p>\u00a0<\/p><p>Durante esta charla, se compartir\u00e1n estrategias pr\u00e1cticas y efectivas para establecer normas claras y l\u00edmites adecuados en la crianza de nuestros hijos e hijas. Abordaremos la importancia de estos l\u00edmites en el desarrollo de la tolerancia a la frustraci\u00f3n, ayudando a los ni\u00f1os y ni\u00f1as a enfrentar los desaf\u00edos de manera saludable y constructiva.<\/p><p>Es muy importante contar con la presencia de las familias, debido a que esta es una tem\u00e1tica fundamental para trabajar por parte del colegio en conjunto con las familias, y as\u00ed juntos podremos promover una crianza saludable y fortalecer el desarrollo de nuestros hijos e hijas.<\/p><p>\u00a0<\/p><p>Saluda cordialmente.<\/p><p>\u00a0<\/p><p>Departamento de Convivencia Escolar.<\/p><p>Colegio Alicante del Sol<\/p>\t\t\t\t\t\t\t\t<\/div>\n\t\t\t\t<\/div>\n\t\t\t\t\t<\/div>\n\t\t<\/div>\n\t\t\t\t\t<\/div>\n\t\t<\/section>\n\t\t\t\t<section class=\"elementor-section elementor-top-section elementor-element elementor-element-b257550 elementor-section-boxed elementor-section-height-default elementor-section-height-default parallax_section_no qode_elementor_container_no\" data-id=\"b257550\" data-element_type=\"section\" data-settings=\"{&quot;jet_parallax_layout_list&quot;:[],&quot;_ha_eqh_enable&quot;:false}\">\n\t\t\t\t\t\t<div class=\"elementor-container elementor-column-gap-default\">\n\t\t\t\t\t<div class=\"elementor-column elementor-col-100 elementor-top-column elementor-element elementor-element-96dc5b7\" data-id=\"96dc5b7\" data-element_type=\"column\">\n\t\t\t<div class=\"elementor-widget-wrap elementor-element-populated\">\n\t\t\t\t\t\t<div class=\"elementor-element elementor-element-cff20ce elementor-widget elementor-widget-image\" data-id=\"cff20ce\" data-element_type=\"widget\" data-widget_type=\"image.default\">\n\t\t\t\t<div class=\"elementor-widget-container\">\n\t\t\t\t\t\t\t\t\t\t\t\t\t\t\t<img fetchpriority=\"high\" decoding=\"async\" width=\"1024\" height=\"726\" src=\"https:\/\/www.respaldoalcantara-alicante.cl\/alicante-sol\/wp-content\/uploads\/sites\/11\/2023\/05\/Charla-taller-para-padres-y-apoderados-1024x726.png\" class=\"attachment-large size-large wp-image-22043\" alt=\"\" srcset=\"https:\/\/www.respaldoalcantara-alicante.cl\/alicante-sol\/wp-content\/uploads\/sites\/11\/2023\/05\/Charla-taller-para-padres-y-apoderados-1024x726.png 1024w, https:\/\/www.respaldoalcantara-alicante.cl\/alicante-sol\/wp-content\/uploads\/sites\/11\/2023\/05\/Charla-taller-para-padres-y-apoderados-300x213.png 300w, https:\/\/www.respaldoalcantara-alicante.cl\/alicante-sol\/wp-content\/uploads\/sites\/11\/2023\/05\/Charla-taller-para-padres-y-apoderados-768x545.png 768w, https:\/\/www.respaldoalcantara-alicante.cl\/alicante-sol\/wp-content\/uploads\/sites\/11\/2023\/05\/Charla-taller-para-padres-y-apoderados-1536x1090.png 1536w, https:\/\/www.respaldoalcantara-alicante.cl\/alicante-sol\/wp-content\/uploads\/sites\/11\/2023\/05\/Charla-taller-para-padres-y-apoderados-700x497.png 700w, https:\/\/www.respaldoalcantara-alicante.cl\/alicante-sol\/wp-content\/uploads\/sites\/11\/2023\/05\/Charla-taller-para-padres-y-apoderados.png 1748w\" sizes=\"(max-width: 1024px) 100vw, 1024px\" \/>\t\t\t\t\t\t\t\t\t\t\t\t\t\t\t<\/div>\n\t\t\t\t<\/div>\n\t\t\t\t\t<\/div>\n\t\t<\/div>\n\t\t\t\t\t<\/div>\n\t\t<\/section>\n\t\t\t\t<\/div>\n\t\t","protected":false},"excerpt":{"rendered":"<p>Estimadas familias alicantinas: Junto con saludar y esperando se encuentren muy bien, nos complace informar e invitarlos a una instancia muy valiosa como colegio, mediante escuelas para padres, madres y apoderados. En esta ocasi\u00f3n los invitamos a participar a una charla organizada por el Departamento&#8230;<\/p>\n","protected":false},"author":5,"featured_media":22047,"comment_status":"open","ping_status":"open","sticky":false,"template":"","format":"standard","meta":{"footnotes":""},"categories":[7,10,12,16],"tags":[],"class_list":["post-22040","post","type-post","status-publish","format-standard","has-post-thumbnail","hentry","category-convivencia-escolar","category-destacadas","category-hacer-familia","category-ser-padres"],"aioseo_notices":[],"_links":{"self":[{"href":"https:\/\/www.respaldoalcantara-alicante.cl\/alicante-sol\/wp-json\/wp\/v2\/posts\/22040","targetHints":{"allow":["GET"]}}],"collection":[{"href":"https:\/\/www.respaldoalcantara-alicante.cl\/alicante-sol\/wp-json\/wp\/v2\/posts"}],"about":[{"href":"https:\/\/www.respaldoalcantara-alicante.cl\/alicante-sol\/wp-json\/wp\/v2\/types\/post"}],"author":[{"embeddable":true,"href":"https:\/\/www.respaldoalcantara-alicante.cl\/alicante-sol\/wp-json\/wp\/v2\/users\/5"}],"replies":[{"embeddable":true,"href":"https:\/\/www.respaldoalcantara-alicante.cl\/alicante-sol\/wp-json\/wp\/v2\/comments?post=22040"}],"version-history":[{"count":5,"href":"https:\/\/www.respaldoalcantara-alicante.cl\/alicante-sol\/wp-json\/wp\/v2\/posts\/22040\/revisions"}],"predecessor-version":[{"id":22048,"href":"https:\/\/www.respaldoalcantara-alicante.cl\/alicante-sol\/wp-json\/wp\/v2\/posts\/22040\/revisions\/22048"}],"wp:featuredmedia":[{"embeddable":true,"href":"https:\/\/www.respaldoalcantara-alicante.cl\/alicante-sol\/wp-json\/wp\/v2\/media\/22047"}],"wp:attachment":[{"href":"https:\/\/www.respaldoalcantara-alicante.cl\/alicante-sol\/wp-json\/wp\/v2\/media?parent=22040"}],"wp:term":[{"taxonomy":"category","embeddable":true,"href":"https:\/\/www.respaldoalcantara-alicante.cl\/alicante-sol\/wp-json\/wp\/v2\/categories?post=22040"},{"taxonomy":"post_tag","embeddable":true,"href":"https:\/\/www.respaldoalcantara-alicante.cl\/alicante-sol\/wp-json\/wp\/v2\/tags?post=22040"}],"curies":[{"name":"wp","href":"https:\/\/api.w.org\/{rel}","templated":true}]}}