{"id":21412,"date":"2023-02-28T18:50:29","date_gmt":"2023-02-28T18:50:29","guid":{"rendered":"https:\/\/www.respaldoalcantara-alicante.cl\/alicante-sol\/?p=21412"},"modified":"2023-02-28T19:08:59","modified_gmt":"2023-02-28T19:08:59","slug":"informacion-del-inicio-de-ano-2023","status":"publish","type":"post","link":"https:\/\/www.respaldoalcantara-alicante.cl\/alicante-sol\/2023\/02\/28\/informacion-del-inicio-de-ano-2023\/","title":{"rendered":"Informaci\u00f3n del inicio del a\u00f1o escolar 2023"},"content":{"rendered":"\t\t<div data-elementor-type=\"wp-post\" data-elementor-id=\"21412\" class=\"elementor elementor-21412\" data-elementor-settings=\"{&quot;ha_cmc_init_switcher&quot;:&quot;no&quot;}\" data-elementor-post-type=\"post\">\n\t\t\t\t\t\t<section class=\"elementor-section elementor-top-section elementor-element elementor-element-bcecc43 elementor-section-boxed elementor-section-height-default elementor-section-height-default parallax_section_no qode_elementor_container_no\" data-id=\"bcecc43\" data-element_type=\"section\" data-settings=\"{&quot;jet_parallax_layout_list&quot;:[],&quot;_ha_eqh_enable&quot;:false}\">\n\t\t\t\t\t\t<div class=\"elementor-container elementor-column-gap-default\">\n\t\t\t\t\t<div class=\"elementor-column elementor-col-100 elementor-top-column elementor-element elementor-element-74d2741\" data-id=\"74d2741\" data-element_type=\"column\">\n\t\t\t<div class=\"elementor-widget-wrap elementor-element-populated\">\n\t\t\t\t\t\t<div class=\"elementor-element elementor-element-a4b011a elementor-widget elementor-widget-text-editor\" data-id=\"a4b011a\" data-element_type=\"widget\" data-widget_type=\"text-editor.default\">\n\t\t\t\t<div class=\"elementor-widget-container\">\n\t\t\t\t\t\t\t\t\t<p>Estimadas familias,<\/p><p>\u00a0<\/p><p>Junto con saludar y darles la bienvenida al a\u00f1o escolar 2023, 3nviamos a ustedes informaci\u00f3n importante para el inicio:<\/p><p>\u00a0<\/p><ol><li><strong>Reconocimiento Salas: <\/strong>El mi\u00e9rcoles 01 y jueves 02 de marzo de 10:00 a 12:00 horas, el colegio abrir\u00e1 sus puertas para estudiantes y apoderados para que puedan realizar el reconocimiento de sus salas.<\/li><\/ol><p><strong>\u00a0<\/strong><\/p><p>Durante el a\u00f1o escolar no est\u00e1 permitido el ingreso al colegio a los padres y apoderados, a menos que tengan una cita o entrevista.<\/p><p>\u00a0<\/p><p>\u00a0<\/p><ol start=\"2\"><li><strong>Inicio de Clases: <\/strong><\/li><\/ol><p>Durante la primera semana se realizar\u00e1 un periodo de adaptaci\u00f3n con los siguientes horarios:<\/p><p>\u00a0<\/p><p><img decoding=\"async\" class=\"alignnone size-full wp-image-17746\" src=\"https:\/\/www.respaldoalcantara-alicante.cl\/alicante-sol\/wp-content\/uploads\/sites\/11\/2021\/03\/iconopdf-e1617582936524.png\" alt=\"\" width=\"30\" height=\"32\" \/> <a href=\"https:\/\/www.respaldoalcantara-alicante.cl\/alicante-sol\/wp-content\/uploads\/sites\/11\/2023\/02\/INFORMATIVO-INGRESO-CLASES-2023.pdf\">DESCARGUE INFORMATIVO COMPLETO<\/a><\/p>\t\t\t\t\t\t\t\t<\/div>\n\t\t\t\t<\/div>\n\t\t\t\t\t<\/div>\n\t\t<\/div>\n\t\t\t\t\t<\/div>\n\t\t<\/section>\n\t\t\t\t<\/div>\n\t\t","protected":false},"excerpt":{"rendered":"<p>Estimadas familias, Junto con saludar y darles la bienvenida al a\u00f1o escolar 2023, 3nviamos a ustedes informaci\u00f3n importante para el inicio: Reconocimiento Salas: El mi\u00e9rcoles 01 y jueves 02 de marzo de 10:00 a 12:00 horas, el colegio abrir\u00e1 sus puertas para estudiantes y apoderados&#8230;<\/p>\n","protected":false},"author":5,"featured_media":21413,"comment_status":"open","ping_status":"open","sticky":false,"template":"","format":"standard","meta":{"footnotes":""},"categories":[28,10],"tags":[],"class_list":["post-21412","post","type-post","status-publish","format-standard","has-post-thumbnail","hentry","category-comunicado","category-destacadas"],"aioseo_notices":[],"_links":{"self":[{"href":"https:\/\/www.respaldoalcantara-alicante.cl\/alicante-sol\/wp-json\/wp\/v2\/posts\/21412","targetHints":{"allow":["GET"]}}],"collection":[{"href":"https:\/\/www.respaldoalcantara-alicante.cl\/alicante-sol\/wp-json\/wp\/v2\/posts"}],"about":[{"href":"https:\/\/www.respaldoalcantara-alicante.cl\/alicante-sol\/wp-json\/wp\/v2\/types\/post"}],"author":[{"embeddable":true,"href":"https:\/\/www.respaldoalcantara-alicante.cl\/alicante-sol\/wp-json\/wp\/v2\/users\/5"}],"replies":[{"embeddable":true,"href":"https:\/\/www.respaldoalcantara-alicante.cl\/alicante-sol\/wp-json\/wp\/v2\/comments?post=21412"}],"version-history":[{"count":5,"href":"https:\/\/www.respaldoalcantara-alicante.cl\/alicante-sol\/wp-json\/wp\/v2\/posts\/21412\/revisions"}],"predecessor-version":[{"id":21422,"href":"https:\/\/www.respaldoalcantara-alicante.cl\/alicante-sol\/wp-json\/wp\/v2\/posts\/21412\/revisions\/21422"}],"wp:featuredmedia":[{"embeddable":true,"href":"https:\/\/www.respaldoalcantara-alicante.cl\/alicante-sol\/wp-json\/wp\/v2\/media\/21413"}],"wp:attachment":[{"href":"https:\/\/www.respaldoalcantara-alicante.cl\/alicante-sol\/wp-json\/wp\/v2\/media?parent=21412"}],"wp:term":[{"taxonomy":"category","embeddable":true,"href":"https:\/\/www.respaldoalcantara-alicante.cl\/alicante-sol\/wp-json\/wp\/v2\/categories?post=21412"},{"taxonomy":"post_tag","embeddable":true,"href":"https:\/\/www.respaldoalcantara-alicante.cl\/alicante-sol\/wp-json\/wp\/v2\/tags?post=21412"}],"curies":[{"name":"wp","href":"https:\/\/api.w.org\/{rel}","templated":true}]}}