{"id":21342,"date":"2023-01-03T20:53:20","date_gmt":"2023-01-03T20:53:20","guid":{"rendered":"https:\/\/www.respaldoalcantara-alicante.cl\/alicante-sol\/?p=21342"},"modified":"2023-01-03T20:58:11","modified_gmt":"2023-01-03T20:58:11","slug":"alumno-obtiene-maximo-puntaje-en-paes","status":"publish","type":"post","link":"https:\/\/www.respaldoalcantara-alicante.cl\/alicante-sol\/2023\/01\/03\/alumno-obtiene-maximo-puntaje-en-paes\/","title":{"rendered":"Alumno obtiene m\u00e1ximo puntaje en PAES"},"content":{"rendered":"\t\t<div data-elementor-type=\"wp-post\" data-elementor-id=\"21342\" class=\"elementor elementor-21342\" data-elementor-settings=\"{&quot;ha_cmc_init_switcher&quot;:&quot;no&quot;}\" data-elementor-post-type=\"post\">\n\t\t\t\t\t\t<section class=\"elementor-section elementor-top-section elementor-element elementor-element-3610f28 elementor-section-boxed elementor-section-height-default elementor-section-height-default parallax_section_no qode_elementor_container_no\" data-id=\"3610f28\" data-element_type=\"section\" data-settings=\"{&quot;jet_parallax_layout_list&quot;:[],&quot;_ha_eqh_enable&quot;:false}\">\n\t\t\t\t\t\t<div class=\"elementor-container elementor-column-gap-default\">\n\t\t\t\t\t<div class=\"elementor-column elementor-col-100 elementor-top-column elementor-element elementor-element-17fcd6a\" data-id=\"17fcd6a\" data-element_type=\"column\">\n\t\t\t<div class=\"elementor-widget-wrap elementor-element-populated\">\n\t\t\t\t\t\t<div class=\"elementor-element elementor-element-410d236 elementor-widget elementor-widget-text-editor\" data-id=\"410d236\" data-element_type=\"widget\" data-widget_type=\"text-editor.default\">\n\t\t\t\t<div class=\"elementor-widget-container\">\n\t\t\t\t\t\t\t\t\t<h3 class=\"x_elementToProof\"><strong>\u00a1Puntaje m\u00e1ximo en Matem\u00e1tica!<\/strong><\/h3><div class=\"x_elementToProof\">\u00a0<\/div><div class=\"x_elementToProof\">Nuestro egresado de IV\u00b0 Medio de la Generaci\u00f3n 2022, <strong>Francesco Antonino Castellani Cort\u00e9s<\/strong>, ha obtenido 1000 puntos en la PAES de Matem\u00e1tica 1 para la admisi\u00f3n 2023, vale decir, el puntaje m\u00e1ximo que puede obtenerse seg\u00fan la nueva escala de la Prueba de Acceso a la Educaci\u00f3n Superior.<\/div><div class=\"x_elementToProof\">\u00a0<\/div><div class=\"x_elementToProof\">Muy temprano en la ma\u00f1ana recibimos la noticia por medio de su orgullosa madre, M\u00f3nica Cort\u00e9s, quien adem\u00e1s dio cuenta de otro importante resultado: Francesco obtuvo 912 puntos en la prueba de Competencia Lectora.<\/div><div class=\"x_elementToProof\">\u00a0<\/div><div class=\"x_elementToProof\">Nuestro destacado estudiante, quien recibi\u00f3 el Premio al M\u00e9rito Matem\u00e1tico en la ceremonia de graduaci\u00f3n de IV\u00b0 Medio, fue felicitado telef\u00f3nicamente por nuestro Subdirector Acad\u00e9mico. En este di\u00e1logo, manifest\u00f3 estar muy contento y a\u00fan en estado de shock, y que se tomar\u00e1 con calma su postulaci\u00f3n a la universidad, considerando que tiene el puntaje necesario para ingresar a la carrera y universidad que desee.<\/div><div class=\"x_elementToProof\">\u00a0<\/div><div class=\"x_elementToProof\">Este importante logro nos llena de orgullo como comunidad educativa y nos impulsa a seguir trabajando en favor del aprendizaje y los sue\u00f1os de nuestros estudiantes.<\/div><div class=\"x_elementToProof\"><div id=\"x_Signature\"><div>\u00a0<\/div><\/div><\/div>\t\t\t\t\t\t\t\t<\/div>\n\t\t\t\t<\/div>\n\t\t\t\t\t<\/div>\n\t\t<\/div>\n\t\t\t\t\t<\/div>\n\t\t<\/section>\n\t\t\t\t<section class=\"elementor-section elementor-top-section elementor-element elementor-element-3d49361 elementor-section-boxed elementor-section-height-default elementor-section-height-default parallax_section_no qode_elementor_container_no\" data-id=\"3d49361\" data-element_type=\"section\" data-settings=\"{&quot;jet_parallax_layout_list&quot;:[],&quot;_ha_eqh_enable&quot;:false}\">\n\t\t\t\t\t\t<div class=\"elementor-container elementor-column-gap-default\">\n\t\t\t\t\t<div class=\"elementor-column elementor-col-100 elementor-top-column elementor-element elementor-element-993d0f2\" data-id=\"993d0f2\" data-element_type=\"column\">\n\t\t\t<div class=\"elementor-widget-wrap elementor-element-populated\">\n\t\t\t\t\t\t<div class=\"elementor-element elementor-element-0102b17 elementor-widget elementor-widget-image\" data-id=\"0102b17\" data-element_type=\"widget\" data-widget_type=\"image.default\">\n\t\t\t\t<div class=\"elementor-widget-container\">\n\t\t\t\t\t\t\t\t\t\t\t\t\t\t\t<img fetchpriority=\"high\" decoding=\"async\" width=\"720\" height=\"947\" src=\"https:\/\/www.respaldoalcantara-alicante.cl\/alicante-sol\/wp-content\/uploads\/sites\/11\/2023\/01\/IMG-20230103-WA0022.jpg\" class=\"attachment-medium_large size-medium_large wp-image-21345\" alt=\"\" srcset=\"https:\/\/www.respaldoalcantara-alicante.cl\/alicante-sol\/wp-content\/uploads\/sites\/11\/2023\/01\/IMG-20230103-WA0022.jpg 720w, https:\/\/www.respaldoalcantara-alicante.cl\/alicante-sol\/wp-content\/uploads\/sites\/11\/2023\/01\/IMG-20230103-WA0022-228x300.jpg 228w, https:\/\/www.respaldoalcantara-alicante.cl\/alicante-sol\/wp-content\/uploads\/sites\/11\/2023\/01\/IMG-20230103-WA0022-700x921.jpg 700w\" sizes=\"(max-width: 720px) 100vw, 720px\" \/>\t\t\t\t\t\t\t\t\t\t\t\t\t\t\t<\/div>\n\t\t\t\t<\/div>\n\t\t\t\t\t<\/div>\n\t\t<\/div>\n\t\t\t\t\t<\/div>\n\t\t<\/section>\n\t\t\t\t<\/div>\n\t\t","protected":false},"excerpt":{"rendered":"<p>\u00a1Puntaje m\u00e1ximo en Matem\u00e1tica! \u00a0Nuestro egresado de IV\u00b0 Medio de la Generaci\u00f3n 2022, Francesco Antonino Castellani Cort\u00e9s, ha obtenido 1000 puntos en la PAES de Matem\u00e1tica 1 para la admisi\u00f3n 2023, vale decir, el puntaje m\u00e1ximo que puede obtenerse seg\u00fan la nueva escala de la&#8230;<\/p>\n","protected":false},"author":5,"featured_media":21343,"comment_status":"open","ping_status":"open","sticky":false,"template":"","format":"standard","meta":{"footnotes":""},"categories":[2,28,10],"tags":[],"class_list":["post-21342","post","type-post","status-publish","format-standard","has-post-thumbnail","hentry","category-academicas","category-comunicado","category-destacadas"],"aioseo_notices":[],"_links":{"self":[{"href":"https:\/\/www.respaldoalcantara-alicante.cl\/alicante-sol\/wp-json\/wp\/v2\/posts\/21342","targetHints":{"allow":["GET"]}}],"collection":[{"href":"https:\/\/www.respaldoalcantara-alicante.cl\/alicante-sol\/wp-json\/wp\/v2\/posts"}],"about":[{"href":"https:\/\/www.respaldoalcantara-alicante.cl\/alicante-sol\/wp-json\/wp\/v2\/types\/post"}],"author":[{"embeddable":true,"href":"https:\/\/www.respaldoalcantara-alicante.cl\/alicante-sol\/wp-json\/wp\/v2\/users\/5"}],"replies":[{"embeddable":true,"href":"https:\/\/www.respaldoalcantara-alicante.cl\/alicante-sol\/wp-json\/wp\/v2\/comments?post=21342"}],"version-history":[{"count":7,"href":"https:\/\/www.respaldoalcantara-alicante.cl\/alicante-sol\/wp-json\/wp\/v2\/posts\/21342\/revisions"}],"predecessor-version":[{"id":21351,"href":"https:\/\/www.respaldoalcantara-alicante.cl\/alicante-sol\/wp-json\/wp\/v2\/posts\/21342\/revisions\/21351"}],"wp:featuredmedia":[{"embeddable":true,"href":"https:\/\/www.respaldoalcantara-alicante.cl\/alicante-sol\/wp-json\/wp\/v2\/media\/21343"}],"wp:attachment":[{"href":"https:\/\/www.respaldoalcantara-alicante.cl\/alicante-sol\/wp-json\/wp\/v2\/media?parent=21342"}],"wp:term":[{"taxonomy":"category","embeddable":true,"href":"https:\/\/www.respaldoalcantara-alicante.cl\/alicante-sol\/wp-json\/wp\/v2\/categories?post=21342"},{"taxonomy":"post_tag","embeddable":true,"href":"https:\/\/www.respaldoalcantara-alicante.cl\/alicante-sol\/wp-json\/wp\/v2\/tags?post=21342"}],"curies":[{"name":"wp","href":"https:\/\/api.w.org\/{rel}","templated":true}]}}