{"id":20198,"date":"2022-03-16T16:37:33","date_gmt":"2022-03-16T16:37:33","guid":{"rendered":"https:\/\/www.respaldoalcantara-alicante.cl\/alicante-sol\/?p=20198"},"modified":"2022-03-16T16:39:40","modified_gmt":"2022-03-16T16:39:40","slug":"resultado-evaluacion-sned","status":"publish","type":"post","link":"https:\/\/www.respaldoalcantara-alicante.cl\/alicante-sol\/2022\/03\/16\/resultado-evaluacion-sned\/","title":{"rendered":"Resultado evaluaci\u00f3n SNED"},"content":{"rendered":"\t\t<div data-elementor-type=\"wp-post\" data-elementor-id=\"20198\" class=\"elementor elementor-20198\" data-elementor-settings=\"{&quot;ha_cmc_init_switcher&quot;:&quot;no&quot;}\" data-elementor-post-type=\"post\">\n\t\t\t\t\t\t<section class=\"elementor-section elementor-top-section elementor-element elementor-element-529dd01 elementor-section-boxed elementor-section-height-default elementor-section-height-default parallax_section_no qode_elementor_container_no\" data-id=\"529dd01\" data-element_type=\"section\" data-settings=\"{&quot;jet_parallax_layout_list&quot;:[{&quot;jet_parallax_layout_image&quot;:{&quot;url&quot;:&quot;&quot;,&quot;id&quot;:&quot;&quot;,&quot;size&quot;:&quot;&quot;},&quot;_id&quot;:&quot;0f25a20&quot;,&quot;jet_parallax_layout_image_tablet&quot;:{&quot;url&quot;:&quot;&quot;,&quot;id&quot;:&quot;&quot;,&quot;size&quot;:&quot;&quot;},&quot;jet_parallax_layout_image_mobile&quot;:{&quot;url&quot;:&quot;&quot;,&quot;id&quot;:&quot;&quot;,&quot;size&quot;:&quot;&quot;},&quot;jet_parallax_layout_speed&quot;:{&quot;unit&quot;:&quot;%&quot;,&quot;size&quot;:50,&quot;sizes&quot;:[]},&quot;jet_parallax_layout_type&quot;:&quot;scroll&quot;,&quot;jet_parallax_layout_direction&quot;:null,&quot;jet_parallax_layout_fx_direction&quot;:null,&quot;jet_parallax_layout_z_index&quot;:&quot;&quot;,&quot;jet_parallax_layout_bg_x&quot;:50,&quot;jet_parallax_layout_bg_x_tablet&quot;:&quot;&quot;,&quot;jet_parallax_layout_bg_x_mobile&quot;:&quot;&quot;,&quot;jet_parallax_layout_bg_y&quot;:50,&quot;jet_parallax_layout_bg_y_tablet&quot;:&quot;&quot;,&quot;jet_parallax_layout_bg_y_mobile&quot;:&quot;&quot;,&quot;jet_parallax_layout_bg_size&quot;:&quot;auto&quot;,&quot;jet_parallax_layout_bg_size_tablet&quot;:&quot;&quot;,&quot;jet_parallax_layout_bg_size_mobile&quot;:&quot;&quot;,&quot;jet_parallax_layout_animation_prop&quot;:&quot;transform&quot;,&quot;jet_parallax_layout_on&quot;:[&quot;desktop&quot;,&quot;tablet&quot;]}],&quot;_ha_eqh_enable&quot;:false}\">\n\t\t\t\t\t\t<div class=\"elementor-container elementor-column-gap-default\">\n\t\t\t\t\t<div class=\"elementor-column elementor-col-100 elementor-top-column elementor-element elementor-element-911dd59\" data-id=\"911dd59\" data-element_type=\"column\">\n\t\t\t<div class=\"elementor-widget-wrap elementor-element-populated\">\n\t\t\t\t\t\t<div class=\"elementor-element elementor-element-85b21d3 elementor-widget elementor-widget-text-editor\" data-id=\"85b21d3\" data-element_type=\"widget\" data-widget_type=\"text-editor.default\">\n\t\t\t\t<div class=\"elementor-widget-container\">\n\t\t\t\t\t\t\t\t\t<p>Estimada Comunidad Alicantina:<\/p><p>\u00a0<\/p><p>Junto con saludar, nos es grato comunicarles una noticia que nos enorgullece como instituci\u00f3n educativa. Nuestro colegio, a trav\u00e9s de su equipo directivo, postul\u00f3 en noviembre de 2021 a la asignaci\u00f3n SNED (Sistema Nacional de Evaluaci\u00f3n de Desempe\u00f1o), que eval\u00faa la excelencia acad\u00e9mica y la calidad educativa de los colegios a partir de indicadores como resultados SIMCE, superaci\u00f3n de estos resultados a lo largo del tiempo y las oportunidades de aprendizaje en condiciones de igualdad que se les otorga a los estudiantes. Esta semana recibimos los resultados, los que indican que esta asignaci\u00f3n fue adjudicada al Colegio Alicante del Sol en un 100%, lo que nos acredita como colegio de Excelencia Acad\u00e9mica por el periodo 2022 \u2013 2023.<\/p><p>\u00a0<\/p><p>Esta noticia revela el buen trabajo realizado en la gesti\u00f3n pedag\u00f3gica de la pandemia, el avance significativo en innovaci\u00f3n acad\u00e9mica y el fortalecimiento del liderazgo directivo, lo que nos impulsa a seguir perseverando en la mejora continua de los procesos que tienen como foco a los estudiantes y su aprendizaje.<\/p><p>\u00a0<\/p><p>Agradecemos la confianza de las familias en nuestro Proyecto Educativo, y esperamos que esta buena noticia les siga dando la tranquilidad de que sus hijos e hijas reciben educaci\u00f3n de calidad.<\/p><p>\u00a0<\/p><p>Saludos cordiales,<\/p><p>Equipo Directivo Colegio Alicante del Sol<\/p>\t\t\t\t\t\t\t\t<\/div>\n\t\t\t\t<\/div>\n\t\t\t\t\t<\/div>\n\t\t<\/div>\n\t\t\t\t\t<\/div>\n\t\t<\/section>\n\t\t\t\t<\/div>\n\t\t","protected":false},"excerpt":{"rendered":"<p>Estimada Comunidad Alicantina: \u00a0 Junto con saludar, nos es grato comunicarles una noticia que nos enorgullece como instituci\u00f3n educativa. Nuestro colegio, a trav\u00e9s de su equipo directivo, postul\u00f3 en noviembre de 2021 a la asignaci\u00f3n SNED (Sistema Nacional de Evaluaci\u00f3n de Desempe\u00f1o), que eval\u00faa la&#8230;<\/p>\n","protected":false},"author":5,"featured_media":20199,"comment_status":"open","ping_status":"open","sticky":false,"template":"","format":"standard","meta":{"footnotes":""},"categories":[2,10],"tags":[],"class_list":["post-20198","post","type-post","status-publish","format-standard","has-post-thumbnail","hentry","category-academicas","category-destacadas"],"aioseo_notices":[],"_links":{"self":[{"href":"https:\/\/www.respaldoalcantara-alicante.cl\/alicante-sol\/wp-json\/wp\/v2\/posts\/20198","targetHints":{"allow":["GET"]}}],"collection":[{"href":"https:\/\/www.respaldoalcantara-alicante.cl\/alicante-sol\/wp-json\/wp\/v2\/posts"}],"about":[{"href":"https:\/\/www.respaldoalcantara-alicante.cl\/alicante-sol\/wp-json\/wp\/v2\/types\/post"}],"author":[{"embeddable":true,"href":"https:\/\/www.respaldoalcantara-alicante.cl\/alicante-sol\/wp-json\/wp\/v2\/users\/5"}],"replies":[{"embeddable":true,"href":"https:\/\/www.respaldoalcantara-alicante.cl\/alicante-sol\/wp-json\/wp\/v2\/comments?post=20198"}],"version-history":[{"count":4,"href":"https:\/\/www.respaldoalcantara-alicante.cl\/alicante-sol\/wp-json\/wp\/v2\/posts\/20198\/revisions"}],"predecessor-version":[{"id":20203,"href":"https:\/\/www.respaldoalcantara-alicante.cl\/alicante-sol\/wp-json\/wp\/v2\/posts\/20198\/revisions\/20203"}],"wp:featuredmedia":[{"embeddable":true,"href":"https:\/\/www.respaldoalcantara-alicante.cl\/alicante-sol\/wp-json\/wp\/v2\/media\/20199"}],"wp:attachment":[{"href":"https:\/\/www.respaldoalcantara-alicante.cl\/alicante-sol\/wp-json\/wp\/v2\/media?parent=20198"}],"wp:term":[{"taxonomy":"category","embeddable":true,"href":"https:\/\/www.respaldoalcantara-alicante.cl\/alicante-sol\/wp-json\/wp\/v2\/categories?post=20198"},{"taxonomy":"post_tag","embeddable":true,"href":"https:\/\/www.respaldoalcantara-alicante.cl\/alicante-sol\/wp-json\/wp\/v2\/tags?post=20198"}],"curies":[{"name":"wp","href":"https:\/\/api.w.org\/{rel}","templated":true}]}}