{"id":18782,"date":"2021-06-29T04:12:35","date_gmt":"2021-06-29T04:12:35","guid":{"rendered":"https:\/\/www.respaldoalcantara-alicante.cl\/alicante-sol\/?p=18782"},"modified":"2021-06-29T04:16:56","modified_gmt":"2021-06-29T04:16:56","slug":"comunicado-2-ciclo-e-basica","status":"publish","type":"post","link":"https:\/\/www.respaldoalcantara-alicante.cl\/alicante-sol\/2021\/06\/29\/comunicado-2-ciclo-e-basica\/","title":{"rendered":"Comunicado 2\u00b0 Ciclo E. B\u00e1sica"},"content":{"rendered":"\t\t<div data-elementor-type=\"wp-post\" data-elementor-id=\"18782\" class=\"elementor elementor-18782\" data-elementor-settings=\"{&quot;ha_cmc_init_switcher&quot;:&quot;no&quot;}\" data-elementor-post-type=\"post\">\n\t\t\t\t\t\t<section class=\"elementor-section elementor-top-section elementor-element elementor-element-1914fb6 elementor-section-boxed elementor-section-height-default elementor-section-height-default parallax_section_no qode_elementor_container_no\" data-id=\"1914fb6\" data-element_type=\"section\" data-settings=\"{&quot;jet_parallax_layout_list&quot;:[{&quot;jet_parallax_layout_image&quot;:{&quot;url&quot;:&quot;&quot;,&quot;id&quot;:&quot;&quot;,&quot;size&quot;:&quot;&quot;},&quot;_id&quot;:&quot;2af69e9&quot;,&quot;jet_parallax_layout_image_tablet&quot;:{&quot;url&quot;:&quot;&quot;,&quot;id&quot;:&quot;&quot;,&quot;size&quot;:&quot;&quot;},&quot;jet_parallax_layout_image_mobile&quot;:{&quot;url&quot;:&quot;&quot;,&quot;id&quot;:&quot;&quot;,&quot;size&quot;:&quot;&quot;},&quot;jet_parallax_layout_speed&quot;:{&quot;unit&quot;:&quot;%&quot;,&quot;size&quot;:50,&quot;sizes&quot;:[]},&quot;jet_parallax_layout_type&quot;:&quot;scroll&quot;,&quot;jet_parallax_layout_direction&quot;:null,&quot;jet_parallax_layout_fx_direction&quot;:null,&quot;jet_parallax_layout_z_index&quot;:&quot;&quot;,&quot;jet_parallax_layout_bg_x&quot;:50,&quot;jet_parallax_layout_bg_x_tablet&quot;:&quot;&quot;,&quot;jet_parallax_layout_bg_x_mobile&quot;:&quot;&quot;,&quot;jet_parallax_layout_bg_y&quot;:50,&quot;jet_parallax_layout_bg_y_tablet&quot;:&quot;&quot;,&quot;jet_parallax_layout_bg_y_mobile&quot;:&quot;&quot;,&quot;jet_parallax_layout_bg_size&quot;:&quot;auto&quot;,&quot;jet_parallax_layout_bg_size_tablet&quot;:&quot;&quot;,&quot;jet_parallax_layout_bg_size_mobile&quot;:&quot;&quot;,&quot;jet_parallax_layout_animation_prop&quot;:&quot;transform&quot;,&quot;jet_parallax_layout_on&quot;:[&quot;desktop&quot;,&quot;tablet&quot;]}],&quot;_ha_eqh_enable&quot;:false}\">\n\t\t\t\t\t\t<div class=\"elementor-container elementor-column-gap-default\">\n\t\t\t\t\t<div class=\"elementor-column elementor-col-100 elementor-top-column elementor-element elementor-element-a2794d5\" data-id=\"a2794d5\" data-element_type=\"column\">\n\t\t\t<div class=\"elementor-widget-wrap elementor-element-populated\">\n\t\t\t\t\t\t<div class=\"elementor-element elementor-element-ab096e6 elementor-widget elementor-widget-text-editor\" data-id=\"ab096e6\" data-element_type=\"widget\" data-widget_type=\"text-editor.default\">\n\t\t\t\t<div class=\"elementor-widget-container\">\n\t\t\t\t\t\t\t\t\t<p style=\"text-align: left\" align=\"right\" data-ogsc=\"rgb(10, 10, 10)\">Estimadas familias del 2\u00b0 Ciclo de Educaci\u00f3n B\u00e1sica:<\/p><p align=\"right\" data-ogsc=\"rgb(10, 10, 10)\">\u00a0<\/p><p data-ogsc=\"rgb(10, 10, 10)\">Esperamos como Equipo de profesoras\/es y Coordinaci\u00f3n Acad\u00e9mica, que se encuentren nuestros estudiantes y ustedes muy bien.<\/p><p data-ogsc=\"rgb(10, 10, 10)\">\u00a0<\/p><p data-ogsc=\"rgb(10, 10, 10)\">Este comunicado tiene por finalidad<b data-ogsc=\"rgb(10, 10, 10)\">, recordarles que las pr\u00f3ximas semanas son Semanas DE EVALUACIONES EN NUESTRO 2\u00ba CICLO (del 29 de junio al 5 de julio), correspondiente al tercer per\u00edodo y \u00faltimo de este semestre, por lo tanto, no se realizaran encuentros por TEAMS.<\/b><\/p><p data-ogsc=\"rgb(10, 10, 10)\"><b>Las evaluaciones, se deber\u00e1n responder, a trav\u00e9s, de los formularios en algunas asignaturas, que encontrar\u00e1n en los equipos en TEAMS o entregando trabajos en otras, que tambi\u00e9n deber\u00e1n subir a los equipos o ser enviados a correos de los docentes. Todas las indicaciones, ya fueron entregadas por los docentes y las fechas fueron enviadas a ustedes en el cronograma adjuntado en el comunicado anterior, lo pueden encontrar, adem\u00e1s, en los equipos de jefaturas. <\/b><\/p><p data-ogsc=\"rgb(10, 10, 10)\">\u00a0<\/p><p data-ogsc=\"rgb(10, 10, 10)\">No olvide que, todas las evaluaciones sumativas, determinar\u00e1n el <b>80% del promedio general<\/b>, y el <b>20% restante<\/b> corresponder\u00e1n a las evaluaciones formativas, las cu\u00e1les se han realizado peri\u00f3dicamente, en todas las asignaturas, los llamados <b>PASES DE SALIDA<\/b>. La fecha de realizaci\u00f3n y la cantidad de ellas, fueron informadas por el profesor\/a de cada asignatura. Si bien los resultados fueron en puntaje, como se inform\u00f3 desde principio de a\u00f1o, al final del semestre, estas se transformar\u00edan en una calificaci\u00f3n, que reitero corresponde al 20%.<\/p><p data-ogsc=\"rgb(10, 10, 10)\">Entonces reitero, para este a\u00f1o, <b>el 20% de Ev. Formativas, Pases de Salida, m\u00e1s 80% de las evaluaciones sumativas, nos dar\u00e1n el promedio final de cada asignatura<\/b>.<\/p><p data-ogsc=\"rgb(10, 10, 10)\">\u00a0<\/p><p data-ogsc=\"rgb(10, 10, 10)\">Los promedios finales del primer semestre estar\u00e1n listos a medida que vayamos terminando los procesos, y ser\u00e1n indicados a trav\u00e9s de la plataforma Schoolnet, con fecha m\u00e1xima el 13 de agosto.<\/p><p data-ogsc=\"rgb(10, 10, 10)\">Ser\u00e1n promovidos todos aquellos estudiantes que cumplan con los dispuesto en el Reglamento de Evaluaci\u00f3n de nuestro colegio. Si usted no lo conoce puede descargarlo de la p\u00e1gina de nuestro colegio. Para recordarles, las asignaturas se aprueban con la nota m\u00ednima 4,0.<\/p><p data-ogsc=\"rgb(10, 10, 10)\"><b>\u00a0<\/b><\/p><p data-ogsc=\"rgb(10, 10, 10)\"><b>Es importante, tambi\u00e9n que considere como se ha indicado anteriormente, lo siguiente para este proceso: \u00a0<\/b><b><\/b><\/p><ul><li data-ogsc=\"rgb(10, 10, 10)\">Las evaluaciones solo pueden ser rendidas una sola vez, no se repiten.<\/li><li data-ogsc=\"rgb(10, 10, 10)\">Los resultados obtenidos no pueden ser cambiados, porque es una evaluaci\u00f3n. Si el estudiante no logro lo esperado, ens\u00e9\u00f1ele a evidenciar sus errores y como puede mejorarlos para la pr\u00f3xima evaluaci\u00f3n.<\/li><li data-ogsc=\"rgb(10, 10, 10)\">Despu\u00e9s de la evaluaci\u00f3n inv\u00edtelo a que le cuente como le fue, que aspectos fueron favorables y cuales debe mejorar. La autoestima y la frustraci\u00f3n, est\u00e1n en juego en estos procesos, es recomendable en todo momento valorar sus peque\u00f1os y grandes logros.\u00a0<\/li><li data-ogsc=\"rgb(10, 10, 10)\">Los estudiantes deben tener un horario semanal para repasar las materias de cada asignatura, en lo posible, en las tardes o en los bloques desocupados del d\u00eda mi\u00e9rcoles, siempre. No es recomendable angustiarlos con extensos horarios de estudios en los per\u00edodos cercanos a las evaluaciones.<\/li><li data-ogsc=\"rgb(10, 10, 10)\">La autonom\u00eda es el mejor aprendizaje para ellos, acomp\u00e1\u00f1enlos, pero dejen que ellos hagan su trabajo, que se equivoquen, que sepan corregirse, para ellos un adecuado h\u00e1bito les dar\u00e1 seguridad.<\/li><li data-ogsc=\"rgb(10, 10, 10)\">Es importante que para esos d\u00edas sigan apoy\u00e1ndolos, otorg\u00e1ndolo un ambiente adecuado para que descansen correctamente; los d\u00edas previos, tome un buen desayuno y\/o colaci\u00f3n y tenga un lugar y ambiente adecuado para poder responder en calma y en silencio.\u00a0<\/li><li data-ogsc=\"rgb(10, 10, 10)\">Inc\u00edtelo a creer en sus capacidades, a superarse si se equivoc\u00f3 y a reconocer sus logros. Todo este proceso es de ellos y ellas y no de los adultos. Nada de esto ha sido f\u00e1cil, no se los compliquemos m\u00e1s.<\/li><li data-ogsc=\"rgb(10, 10, 10)\"><b>Por favor, no interfiera en la rendici\u00f3n, no realice usted la prueba, est\u00e1n dise\u00f1adas para nuestros estudiantes, no lo aflija y no responda por \u00e9l o ella. No busque respuestas en la red, entre otros. <\/b><\/li><\/ul><p data-ogsc=\"rgb(10, 10, 10)\">\u00a0<\/p><p data-ogsc=\"rgb(10, 10, 10)\"><b><i>Agradecemos como equipo del Segundo ciclo a la gran mayor\u00eda de ustedes por entender este proceso, por respetar el esfuerzo, el trabajo, el empe\u00f1o, la honestidad y el amor que sus hijos\/as colocan en todo. Nuestros saludos y agradecimientos a cada uno de nuestros\/as estimados\/as estudiantes creemos en ello, pero si colaboramos en conjunto, brillaran m\u00e1s.<\/i><\/b><\/p><p style=\"text-align: right\" align=\"center\" data-ogsc=\"rgb(10, 10, 10)\"><i>\u00a0 \u00a0 \u00a0 \u00a0 \u00a0 \u00a0 \u00a0 \u00a0 \u00a0 \u00a0 \u00a0 \u00a0 \u00a0 \u00a0 \u00a0 \u00a0 \u00a0 \u00a0 \u00a0 \u00a0 \u00a0 \u00a0 \u00a0 \u00a0 \u00a0 \u00a0 \u00a0 \u00a0 \u00a0 \u00a0 \u00a0 \u00a0 \u00a0 \u00a0 \u00a0 \u00a0Soledad Alegr\u00eda Concha<\/i>\u00a0<\/p><p style=\"text-align: right\" align=\"center\" data-ogsc=\"rgb(10, 10, 10)\"><i>\u00a0 \u00a0 \u00a0 \u00a0 \u00a0 \u00a0 \u00a0 \u00a0 \u00a0 \u00a0 \u00a0 \u00a0 \u00a0 \u00a0 \u00a0 \u00a0 \u00a0 \u00a0 \u00a0 \u00a0 \u00a0 \u00a0 \u00a0 Coordinadora Acad\u00e9mica 2\u00b0 Ciclo Ed. B\u00e1sica 2021<\/i>\u00a0<\/p><p style=\"text-align: right\" align=\"center\" data-ogsc=\"rgb(10, 10, 10)\"><i>\u00a0 \u00a0 \u00a0 \u00a0 \u00a0 \u00a0 \u00a0 \u00a0 \u00a0 \u00a0 \u00a0 \u00a0 \u00a0 \u00a0 \u00a0 \u00a0 \u00a0 \u00a0 \u00a0 \u00a0 \u00a0 \u00a0 \u00a0 \u00a0 \u00a0 \u00a0 \u00a0 \u00a0 \u00a0 \u00a0 \u00a0 \u00a0\u201cEn Equipo Brillamos M\u00e1s\u201d<\/i>\u00a0<\/p>\t\t\t\t\t\t\t\t<\/div>\n\t\t\t\t<\/div>\n\t\t\t\t\t<\/div>\n\t\t<\/div>\n\t\t\t\t\t<\/div>\n\t\t<\/section>\n\t\t\t\t<\/div>\n\t\t","protected":false},"excerpt":{"rendered":"<p>Estimadas familias del 2\u00b0 Ciclo de Educaci\u00f3n B\u00e1sica: \u00a0 Esperamos como Equipo de profesoras\/es y Coordinaci\u00f3n Acad\u00e9mica, que se encuentren nuestros estudiantes y ustedes muy bien. \u00a0 Este comunicado tiene por finalidad, recordarles que las pr\u00f3ximas semanas son Semanas DE EVALUACIONES EN NUESTRO 2\u00ba CICLO&#8230;<\/p>\n","protected":false},"author":8,"featured_media":17384,"comment_status":"closed","ping_status":"open","sticky":false,"template":"","format":"standard","meta":{"footnotes":""},"categories":[2,28,10],"tags":[30],"class_list":["post-18782","post","type-post","status-publish","format-standard","has-post-thumbnail","hentry","category-academicas","category-comunicado","category-destacadas","tag-comunicados"],"aioseo_notices":[],"_links":{"self":[{"href":"https:\/\/www.respaldoalcantara-alicante.cl\/alicante-sol\/wp-json\/wp\/v2\/posts\/18782","targetHints":{"allow":["GET"]}}],"collection":[{"href":"https:\/\/www.respaldoalcantara-alicante.cl\/alicante-sol\/wp-json\/wp\/v2\/posts"}],"about":[{"href":"https:\/\/www.respaldoalcantara-alicante.cl\/alicante-sol\/wp-json\/wp\/v2\/types\/post"}],"author":[{"embeddable":true,"href":"https:\/\/www.respaldoalcantara-alicante.cl\/alicante-sol\/wp-json\/wp\/v2\/users\/8"}],"replies":[{"embeddable":true,"href":"https:\/\/www.respaldoalcantara-alicante.cl\/alicante-sol\/wp-json\/wp\/v2\/comments?post=18782"}],"version-history":[{"count":5,"href":"https:\/\/www.respaldoalcantara-alicante.cl\/alicante-sol\/wp-json\/wp\/v2\/posts\/18782\/revisions"}],"predecessor-version":[{"id":18787,"href":"https:\/\/www.respaldoalcantara-alicante.cl\/alicante-sol\/wp-json\/wp\/v2\/posts\/18782\/revisions\/18787"}],"wp:featuredmedia":[{"embeddable":true,"href":"https:\/\/www.respaldoalcantara-alicante.cl\/alicante-sol\/wp-json\/wp\/v2\/media\/17384"}],"wp:attachment":[{"href":"https:\/\/www.respaldoalcantara-alicante.cl\/alicante-sol\/wp-json\/wp\/v2\/media?parent=18782"}],"wp:term":[{"taxonomy":"category","embeddable":true,"href":"https:\/\/www.respaldoalcantara-alicante.cl\/alicante-sol\/wp-json\/wp\/v2\/categories?post=18782"},{"taxonomy":"post_tag","embeddable":true,"href":"https:\/\/www.respaldoalcantara-alicante.cl\/alicante-sol\/wp-json\/wp\/v2\/tags?post=18782"}],"curies":[{"name":"wp","href":"https:\/\/api.w.org\/{rel}","templated":true}]}}