{"id":25619,"date":"2024-12-11T11:10:00","date_gmt":"2024-12-11T15:10:00","guid":{"rendered":"https:\/\/www.respaldoalcantara-alicante.cl\/alicante-maipu\/?p=25619"},"modified":"2024-12-11T11:13:05","modified_gmt":"2024-12-11T15:13:05","slug":"exposicion-arte-sector-a","status":"publish","type":"post","link":"https:\/\/www.respaldoalcantara-alicante.cl\/alicante-maipu\/2024\/12\/11\/exposicion-arte-sector-a\/","title":{"rendered":"Exposici\u00f3n Arte sector A"},"content":{"rendered":"\t\t<div data-elementor-type=\"wp-post\" data-elementor-id=\"25619\" class=\"elementor elementor-25619\" data-elementor-settings=\"{&quot;ha_cmc_init_switcher&quot;:&quot;no&quot;}\" data-elementor-post-type=\"post\">\n\t\t\t\t\t\t<section class=\"elementor-section elementor-top-section elementor-element elementor-element-18e337f elementor-section-boxed elementor-section-height-default elementor-section-height-default parallax_section_no qode_elementor_container_no\" data-id=\"18e337f\" data-element_type=\"section\" data-settings=\"{&quot;jet_parallax_layout_list&quot;:[],&quot;_ha_eqh_enable&quot;:false}\">\n\t\t\t\t\t\t<div class=\"elementor-container elementor-column-gap-default\">\n\t\t\t\t\t<div class=\"elementor-column elementor-col-100 elementor-top-column elementor-element elementor-element-b054af2\" data-id=\"b054af2\" data-element_type=\"column\">\n\t\t\t<div class=\"elementor-widget-wrap elementor-element-populated\">\n\t\t\t\t\t\t<div class=\"elementor-element elementor-element-efff45b elementor-widget elementor-widget-text-editor\" data-id=\"efff45b\" data-element_type=\"widget\" data-widget_type=\"text-editor.default\">\n\t\t\t\t<div class=\"elementor-widget-container\">\n\t\t\t\t\t\t\t\t\t<p>En la exposici\u00f3n se incluyeron trabajos del a\u00f1o realizados estudiantes de 1\u00ba a 4\u00ba b\u00e1sico del sector A.<\/p><p>Se realizaron trabajos en diferentes t\u00e9cnicas y temas tales como: Formas figurativas y no figurativas, colores fr\u00edos y c\u00e1lidos, arte fauvista, griegos y romanos, pintores del siglo XX, muralismo.<\/p><p>Los cuartos b\u00e1sicos realizaron Alebrijes.<\/p><p>\u00a0<\/p><p>Las profesores encargados de la muestra fueron Rosita Vera, Daniela Dom\u00ednguez y Nicole Mardones.<\/p><p>\u00a0<\/p><p>Se realizaron murales pintados en papel Kraft y pintados con tempera s\u00f3lida interpretando artistas visuales como Romero Britto, Mono Gonz\u00e1lez , Tarsila do Amaral, Georgia O&#8217;keeffe, Andy Warhol, Frida Kahlo y Oswaldo Guayasamin.<\/p>\t\t\t\t\t\t\t\t<\/div>\n\t\t\t\t<\/div>\n\t\t\t\t\t<\/div>\n\t\t<\/div>\n\t\t\t\t\t<\/div>\n\t\t<\/section>\n\t\t\t\t<section class=\"elementor-section elementor-top-section elementor-element elementor-element-60cbbe1 elementor-section-boxed elementor-section-height-default elementor-section-height-default parallax_section_no qode_elementor_container_no\" data-id=\"60cbbe1\" data-element_type=\"section\" data-settings=\"{&quot;jet_parallax_layout_list&quot;:[],&quot;_ha_eqh_enable&quot;:false}\">\n\t\t\t\t\t\t<div class=\"elementor-container elementor-column-gap-default\">\n\t\t\t\t\t<div class=\"elementor-column elementor-col-100 elementor-top-column elementor-element elementor-element-6c0f7dc\" data-id=\"6c0f7dc\" data-element_type=\"column\">\n\t\t\t<div class=\"elementor-widget-wrap elementor-element-populated\">\n\t\t\t\t\t\t<div class=\"elementor-element elementor-element-8ec6784 elementor-widget elementor-widget-video\" data-id=\"8ec6784\" data-element_type=\"widget\" data-settings=\"{&quot;youtube_url&quot;:&quot;https:\\\/\\\/youtu.be\\\/ll6JUiRusA4&quot;,&quot;video_type&quot;:&quot;youtube&quot;,&quot;controls&quot;:&quot;yes&quot;}\" data-widget_type=\"video.default\">\n\t\t\t\t<div class=\"elementor-widget-container\">\n\t\t\t\t\t\t\t<div class=\"elementor-wrapper elementor-open-inline\">\n\t\t\t<div class=\"elementor-video\"><\/div>\t\t<\/div>\n\t\t\t\t\t\t<\/div>\n\t\t\t\t<\/div>\n\t\t\t\t\t<\/div>\n\t\t<\/div>\n\t\t\t\t\t<\/div>\n\t\t<\/section>\n\t\t\t\t<\/div>\n\t\t","protected":false},"excerpt":{"rendered":"<p>En la exposici\u00f3n se incluyeron trabajos del a\u00f1o realizados estudiantes de 1\u00ba a 4\u00ba b\u00e1sico del sector A. Se realizaron trabajos en diferentes t\u00e9cnicas y temas tales como: Formas figurativas y no figurativas, colores fr\u00edos y c\u00e1lidos, arte fauvista, griegos y romanos, pintores del siglo&#8230;<\/p>\n","protected":false},"author":5,"featured_media":25620,"comment_status":"open","ping_status":"open","sticky":false,"template":"","format":"standard","meta":{"footnotes":""},"categories":[3,8],"tags":[],"class_list":["post-25619","post","type-post","status-publish","format-standard","has-post-thumbnail","hentry","category-arte","category-destacadas"],"aioseo_notices":[],"_links":{"self":[{"href":"https:\/\/www.respaldoalcantara-alicante.cl\/alicante-maipu\/wp-json\/wp\/v2\/posts\/25619","targetHints":{"allow":["GET"]}}],"collection":[{"href":"https:\/\/www.respaldoalcantara-alicante.cl\/alicante-maipu\/wp-json\/wp\/v2\/posts"}],"about":[{"href":"https:\/\/www.respaldoalcantara-alicante.cl\/alicante-maipu\/wp-json\/wp\/v2\/types\/post"}],"author":[{"embeddable":true,"href":"https:\/\/www.respaldoalcantara-alicante.cl\/alicante-maipu\/wp-json\/wp\/v2\/users\/5"}],"replies":[{"embeddable":true,"href":"https:\/\/www.respaldoalcantara-alicante.cl\/alicante-maipu\/wp-json\/wp\/v2\/comments?post=25619"}],"version-history":[{"count":4,"href":"https:\/\/www.respaldoalcantara-alicante.cl\/alicante-maipu\/wp-json\/wp\/v2\/posts\/25619\/revisions"}],"predecessor-version":[{"id":25624,"href":"https:\/\/www.respaldoalcantara-alicante.cl\/alicante-maipu\/wp-json\/wp\/v2\/posts\/25619\/revisions\/25624"}],"wp:featuredmedia":[{"embeddable":true,"href":"https:\/\/www.respaldoalcantara-alicante.cl\/alicante-maipu\/wp-json\/wp\/v2\/media\/25620"}],"wp:attachment":[{"href":"https:\/\/www.respaldoalcantara-alicante.cl\/alicante-maipu\/wp-json\/wp\/v2\/media?parent=25619"}],"wp:term":[{"taxonomy":"category","embeddable":true,"href":"https:\/\/www.respaldoalcantara-alicante.cl\/alicante-maipu\/wp-json\/wp\/v2\/categories?post=25619"},{"taxonomy":"post_tag","embeddable":true,"href":"https:\/\/www.respaldoalcantara-alicante.cl\/alicante-maipu\/wp-json\/wp\/v2\/tags?post=25619"}],"curies":[{"name":"wp","href":"https:\/\/api.w.org\/{rel}","templated":true}]}}