{"id":22950,"date":"2024-03-19T16:30:28","date_gmt":"2024-03-19T16:30:28","guid":{"rendered":"https:\/\/www.respaldoalcantara-alicante.cl\/alicante-florida\/?p=22950"},"modified":"2024-03-19T16:34:34","modified_gmt":"2024-03-19T16:34:34","slug":"reunion-del-equipo-de-convivencia-escolar","status":"publish","type":"post","link":"https:\/\/www.respaldoalcantara-alicante.cl\/alicante-florida\/2024\/03\/19\/reunion-del-equipo-de-convivencia-escolar\/","title":{"rendered":"Reuni\u00f3n del equipo de Convivencia Escolar"},"content":{"rendered":"\t\t<div data-elementor-type=\"wp-post\" data-elementor-id=\"22950\" class=\"elementor elementor-22950\" data-elementor-settings=\"{&quot;ha_cmc_init_switcher&quot;:&quot;no&quot;}\" data-elementor-post-type=\"post\">\n\t\t\t\t\t\t<section class=\"elementor-section elementor-top-section elementor-element elementor-element-08f7542 elementor-section-boxed elementor-section-height-default elementor-section-height-default parallax_section_no qode_elementor_container_no\" data-id=\"08f7542\" data-element_type=\"section\" data-settings=\"{&quot;jet_parallax_layout_list&quot;:[],&quot;_ha_eqh_enable&quot;:false}\">\n\t\t\t\t\t\t<div class=\"elementor-container elementor-column-gap-default\">\n\t\t\t\t\t<div class=\"elementor-column elementor-col-100 elementor-top-column elementor-element elementor-element-55c1fdf\" data-id=\"55c1fdf\" data-element_type=\"column\">\n\t\t\t<div class=\"elementor-widget-wrap elementor-element-populated\">\n\t\t\t\t\t\t<div class=\"elementor-element elementor-element-3c68257 elementor-widget elementor-widget-text-editor\" data-id=\"3c68257\" data-element_type=\"widget\" data-widget_type=\"text-editor.default\">\n\t\t\t\t<div class=\"elementor-widget-container\">\n\t\t\t\t\t\t\t\t\t<p class=\"x_MsoNormal\">Hoy martes 19 de marzo el equipo de Conviencia Escolar de nuestro colegio se reuni\u00f3 con estudiantes nuevos con el objetivo de darles la bienvenida, acogerlos y conversar respecto de las dudas y consultas que les puedan surgir en los d\u00edas que llevan en el colegio.<\/p><p class=\"x_MsoNormal\">La reuni\u00f3n fue muy distendida y los ni\u00f1os y ni\u00f1as se mostraron contentos de estar en el colegio comentando que sus compa\u00f1eros y profesores los han recibido muy bien.<\/p><p class=\"x_MsoNormal\" aria-hidden=\"true\">\u00a0<\/p>\t\t\t\t\t\t\t\t<\/div>\n\t\t\t\t<\/div>\n\t\t\t\t\t<\/div>\n\t\t<\/div>\n\t\t\t\t\t<\/div>\n\t\t<\/section>\n\t\t\t\t<section class=\"elementor-section elementor-top-section elementor-element elementor-element-4d42fd4 elementor-section-boxed elementor-section-height-default elementor-section-height-default parallax_section_no qode_elementor_container_no\" data-id=\"4d42fd4\" data-element_type=\"section\" data-settings=\"{&quot;jet_parallax_layout_list&quot;:[],&quot;_ha_eqh_enable&quot;:false}\">\n\t\t\t\t\t\t<div class=\"elementor-container elementor-column-gap-default\">\n\t\t\t\t\t<div class=\"elementor-column elementor-col-100 elementor-top-column elementor-element elementor-element-3107e68\" data-id=\"3107e68\" data-element_type=\"column\">\n\t\t\t<div class=\"elementor-widget-wrap elementor-element-populated\">\n\t\t\t\t\t\t<div class=\"elementor-element elementor-element-1a278d8 elementor-widget elementor-widget-gallery\" data-id=\"1a278d8\" data-element_type=\"widget\" data-settings=\"{&quot;columns&quot;:2,&quot;lazyload&quot;:&quot;yes&quot;,&quot;gallery_layout&quot;:&quot;grid&quot;,&quot;columns_tablet&quot;:2,&quot;columns_mobile&quot;:1,&quot;gap&quot;:{&quot;unit&quot;:&quot;px&quot;,&quot;size&quot;:10,&quot;sizes&quot;:[]},&quot;gap_tablet&quot;:{&quot;unit&quot;:&quot;px&quot;,&quot;size&quot;:10,&quot;sizes&quot;:[]},&quot;gap_mobile&quot;:{&quot;unit&quot;:&quot;px&quot;,&quot;size&quot;:10,&quot;sizes&quot;:[]},&quot;link_to&quot;:&quot;file&quot;,&quot;aspect_ratio&quot;:&quot;3:2&quot;,&quot;overlay_background&quot;:&quot;yes&quot;,&quot;content_hover_animation&quot;:&quot;fade-in&quot;}\" data-widget_type=\"gallery.default\">\n\t\t\t\t<div class=\"elementor-widget-container\">\n\t\t\t\t\t\t\t<div class=\"elementor-gallery__container\">\n\t\t\t\t\t\t\t<a class=\"e-gallery-item elementor-gallery-item elementor-animated-content\" href=\"https:\/\/www.respaldoalcantara-alicante.cl\/alicante-florida\/wp-content\/uploads\/sites\/12\/2024\/03\/convivencia_escolar1.jpg\" data-elementor-open-lightbox=\"yes\" data-elementor-lightbox-slideshow=\"1a278d8\" data-elementor-lightbox-title=\"convivencia_escolar1\" data-e-action-hash=\"#elementor-action%3Aaction%3Dlightbox%26settings%3DeyJpZCI6MjI5NTIsInVybCI6Imh0dHBzOlwvXC93d3cucmVzcGFsZG9hbGNhbnRhcmEtYWxpY2FudGUuY2xcL2FsaWNhbnRlLWZsb3JpZGFcL3dwLWNvbnRlbnRcL3VwbG9hZHNcL3NpdGVzXC8xMlwvMjAyNFwvMDNcL2NvbnZpdmVuY2lhX2VzY29sYXIxLmpwZyIsInNsaWRlc2hvdyI6IjFhMjc4ZDgifQ%3D%3D\">\n\t\t\t\t\t<div class=\"e-gallery-image elementor-gallery-item__image\" data-thumbnail=\"https:\/\/www.respaldoalcantara-alicante.cl\/alicante-florida\/wp-content\/uploads\/sites\/12\/2024\/03\/convivencia_escolar1-300x135.jpg\" data-width=\"300\" data-height=\"135\" aria-label=\"\" role=\"img\" ><\/div>\n\t\t\t\t\t\t\t\t\t\t\t<div class=\"elementor-gallery-item__overlay\"><\/div>\n\t\t\t\t\t\t\t\t\t\t\t\t\t\t<\/a>\n\t\t\t\t\t\t\t<a class=\"e-gallery-item elementor-gallery-item elementor-animated-content\" href=\"https:\/\/www.respaldoalcantara-alicante.cl\/alicante-florida\/wp-content\/uploads\/sites\/12\/2024\/03\/convivencia_escolar2.jpg\" data-elementor-open-lightbox=\"yes\" data-elementor-lightbox-slideshow=\"1a278d8\" data-elementor-lightbox-title=\"convivencia_escolar2\" data-e-action-hash=\"#elementor-action%3Aaction%3Dlightbox%26settings%3DeyJpZCI6MjI5NTMsInVybCI6Imh0dHBzOlwvXC93d3cucmVzcGFsZG9hbGNhbnRhcmEtYWxpY2FudGUuY2xcL2FsaWNhbnRlLWZsb3JpZGFcL3dwLWNvbnRlbnRcL3VwbG9hZHNcL3NpdGVzXC8xMlwvMjAyNFwvMDNcL2NvbnZpdmVuY2lhX2VzY29sYXIyLmpwZyIsInNsaWRlc2hvdyI6IjFhMjc4ZDgifQ%3D%3D\">\n\t\t\t\t\t<div class=\"e-gallery-image elementor-gallery-item__image\" data-thumbnail=\"https:\/\/www.respaldoalcantara-alicante.cl\/alicante-florida\/wp-content\/uploads\/sites\/12\/2024\/03\/convivencia_escolar2-300x135.jpg\" data-width=\"300\" data-height=\"135\" aria-label=\"\" role=\"img\" ><\/div>\n\t\t\t\t\t\t\t\t\t\t\t<div class=\"elementor-gallery-item__overlay\"><\/div>\n\t\t\t\t\t\t\t\t\t\t\t\t\t\t<\/a>\n\t\t\t\t\t<\/div>\n\t\t\t\t\t<\/div>\n\t\t\t\t<\/div>\n\t\t\t\t\t<\/div>\n\t\t<\/div>\n\t\t\t\t\t<\/div>\n\t\t<\/section>\n\t\t\t\t<\/div>\n\t\t","protected":false},"excerpt":{"rendered":"<p>Hoy martes 19 de marzo el equipo de Conviencia Escolar de nuestro colegio se reuni\u00f3 con estudiantes nuevos con el objetivo de darles la bienvenida, acogerlos y conversar respecto de las dudas y consultas que les puedan surgir en los d\u00edas que llevan en el&#8230;<\/p>\n","protected":false},"author":5,"featured_media":20627,"comment_status":"open","ping_status":"open","sticky":false,"template":"","format":"standard","meta":{"footnotes":""},"categories":[7,10],"tags":[],"class_list":["post-22950","post","type-post","status-publish","format-standard","has-post-thumbnail","hentry","category-convivencia-escolar","category-destacadas"],"aioseo_notices":[],"_links":{"self":[{"href":"https:\/\/www.respaldoalcantara-alicante.cl\/alicante-florida\/wp-json\/wp\/v2\/posts\/22950","targetHints":{"allow":["GET"]}}],"collection":[{"href":"https:\/\/www.respaldoalcantara-alicante.cl\/alicante-florida\/wp-json\/wp\/v2\/posts"}],"about":[{"href":"https:\/\/www.respaldoalcantara-alicante.cl\/alicante-florida\/wp-json\/wp\/v2\/types\/post"}],"author":[{"embeddable":true,"href":"https:\/\/www.respaldoalcantara-alicante.cl\/alicante-florida\/wp-json\/wp\/v2\/users\/5"}],"replies":[{"embeddable":true,"href":"https:\/\/www.respaldoalcantara-alicante.cl\/alicante-florida\/wp-json\/wp\/v2\/comments?post=22950"}],"version-history":[{"count":4,"href":"https:\/\/www.respaldoalcantara-alicante.cl\/alicante-florida\/wp-json\/wp\/v2\/posts\/22950\/revisions"}],"predecessor-version":[{"id":22956,"href":"https:\/\/www.respaldoalcantara-alicante.cl\/alicante-florida\/wp-json\/wp\/v2\/posts\/22950\/revisions\/22956"}],"wp:featuredmedia":[{"embeddable":true,"href":"https:\/\/www.respaldoalcantara-alicante.cl\/alicante-florida\/wp-json\/wp\/v2\/media\/20627"}],"wp:attachment":[{"href":"https:\/\/www.respaldoalcantara-alicante.cl\/alicante-florida\/wp-json\/wp\/v2\/media?parent=22950"}],"wp:term":[{"taxonomy":"category","embeddable":true,"href":"https:\/\/www.respaldoalcantara-alicante.cl\/alicante-florida\/wp-json\/wp\/v2\/categories?post=22950"},{"taxonomy":"post_tag","embeddable":true,"href":"https:\/\/www.respaldoalcantara-alicante.cl\/alicante-florida\/wp-json\/wp\/v2\/tags?post=22950"}],"curies":[{"name":"wp","href":"https:\/\/api.w.org\/{rel}","templated":true}]}}