{"id":22611,"date":"2023-12-20T14:46:07","date_gmt":"2023-12-20T14:46:07","guid":{"rendered":"https:\/\/www.respaldoalcantara-alicante.cl\/alicante-florida\/?p=22611"},"modified":"2023-12-20T14:50:18","modified_gmt":"2023-12-20T14:50:18","slug":"taller-de-educacion-financiera-a-fondo-en-mi-futuro-2023","status":"publish","type":"post","link":"https:\/\/www.respaldoalcantara-alicante.cl\/alicante-florida\/2023\/12\/20\/taller-de-educacion-financiera-a-fondo-en-mi-futuro-2023\/","title":{"rendered":"Taller de educaci\u00f3n financiera \u201cA Fondo en mi futuro 2023\u201d"},"content":{"rendered":"\t\t<div data-elementor-type=\"wp-post\" data-elementor-id=\"22611\" class=\"elementor elementor-22611\" data-elementor-settings=\"{&quot;ha_cmc_init_switcher&quot;:&quot;no&quot;}\" data-elementor-post-type=\"post\">\n\t\t\t\t\t\t<section class=\"elementor-section elementor-top-section elementor-element elementor-element-5ae5db6 elementor-section-boxed elementor-section-height-default elementor-section-height-default parallax_section_no qode_elementor_container_no\" data-id=\"5ae5db6\" data-element_type=\"section\" data-settings=\"{&quot;jet_parallax_layout_list&quot;:[],&quot;_ha_eqh_enable&quot;:false}\">\n\t\t\t\t\t\t<div class=\"elementor-container elementor-column-gap-default\">\n\t\t\t\t\t<div class=\"elementor-column elementor-col-100 elementor-top-column elementor-element elementor-element-2cbc8e8\" data-id=\"2cbc8e8\" data-element_type=\"column\">\n\t\t\t<div class=\"elementor-widget-wrap elementor-element-populated\">\n\t\t\t\t\t\t<div class=\"elementor-element elementor-element-69b0d49 elementor-widget elementor-widget-text-editor\" data-id=\"69b0d49\" data-element_type=\"widget\" data-widget_type=\"text-editor.default\">\n\t\t\t\t<div class=\"elementor-widget-container\">\n\t\t\t\t\t\t\t\t\t<p>Po segundo a\u00f1o consecutivo, nuestro colegio obtuvo el primer lugar regional en el taller de educaci\u00f3n financiera \u00abA Fondo en mi futuro\u00bb realizado por la Asociaci\u00f3n de Fondos Mutuos de Chile.<\/p><p>Este a\u00f1o el alumno ganador fue Emanuel Sebasti\u00e1n Trinidad Archo.<\/p><p>Adjuntamos la carta de felicitaciones env\u00edada por el la asociaci\u00f3n.<\/p><p>\u00a0<\/p><p><img decoding=\"async\" class=\"alignnone size-full wp-image-20783\" src=\"https:\/\/www.respaldoalcantara-alicante.cl\/alicante-florida\/wp-content\/uploads\/sites\/12\/2022\/12\/icono-pdf.jpeg\" alt=\"\" width=\"33\" height=\"35\" \/> <a href=\"https:\/\/www.respaldoalcantara-alicante.cl\/alicante-florida\/wp-content\/uploads\/sites\/12\/2023\/12\/CARTA-ALICANTE-DE-LO-FLORIDA-2023.pdf\">CARTA ALICANTE DE LO FLORIDA 2023<\/a><\/p><p>\u00a0<\/p>\t\t\t\t\t\t\t\t<\/div>\n\t\t\t\t<\/div>\n\t\t\t\t\t<\/div>\n\t\t<\/div>\n\t\t\t\t\t<\/div>\n\t\t<\/section>\n\t\t\t\t<\/div>\n\t\t","protected":false},"excerpt":{"rendered":"<p>Po segundo a\u00f1o consecutivo, nuestro colegio obtuvo el primer lugar regional en el taller de educaci\u00f3n financiera \u00abA Fondo en mi futuro\u00bb realizado por la Asociaci\u00f3n de Fondos Mutuos de Chile. Este a\u00f1o el alumno ganador fue Emanuel Sebasti\u00e1n Trinidad Archo. Adjuntamos la carta de&#8230;<\/p>\n","protected":false},"author":5,"featured_media":22612,"comment_status":"open","ping_status":"open","sticky":false,"template":"","format":"standard","meta":{"footnotes":""},"categories":[2,10],"tags":[],"class_list":["post-22611","post","type-post","status-publish","format-standard","has-post-thumbnail","hentry","category-academicas","category-destacadas"],"aioseo_notices":[],"_links":{"self":[{"href":"https:\/\/www.respaldoalcantara-alicante.cl\/alicante-florida\/wp-json\/wp\/v2\/posts\/22611","targetHints":{"allow":["GET"]}}],"collection":[{"href":"https:\/\/www.respaldoalcantara-alicante.cl\/alicante-florida\/wp-json\/wp\/v2\/posts"}],"about":[{"href":"https:\/\/www.respaldoalcantara-alicante.cl\/alicante-florida\/wp-json\/wp\/v2\/types\/post"}],"author":[{"embeddable":true,"href":"https:\/\/www.respaldoalcantara-alicante.cl\/alicante-florida\/wp-json\/wp\/v2\/users\/5"}],"replies":[{"embeddable":true,"href":"https:\/\/www.respaldoalcantara-alicante.cl\/alicante-florida\/wp-json\/wp\/v2\/comments?post=22611"}],"version-history":[{"count":4,"href":"https:\/\/www.respaldoalcantara-alicante.cl\/alicante-florida\/wp-json\/wp\/v2\/posts\/22611\/revisions"}],"predecessor-version":[{"id":22617,"href":"https:\/\/www.respaldoalcantara-alicante.cl\/alicante-florida\/wp-json\/wp\/v2\/posts\/22611\/revisions\/22617"}],"wp:featuredmedia":[{"embeddable":true,"href":"https:\/\/www.respaldoalcantara-alicante.cl\/alicante-florida\/wp-json\/wp\/v2\/media\/22612"}],"wp:attachment":[{"href":"https:\/\/www.respaldoalcantara-alicante.cl\/alicante-florida\/wp-json\/wp\/v2\/media?parent=22611"}],"wp:term":[{"taxonomy":"category","embeddable":true,"href":"https:\/\/www.respaldoalcantara-alicante.cl\/alicante-florida\/wp-json\/wp\/v2\/categories?post=22611"},{"taxonomy":"post_tag","embeddable":true,"href":"https:\/\/www.respaldoalcantara-alicante.cl\/alicante-florida\/wp-json\/wp\/v2\/tags?post=22611"}],"curies":[{"name":"wp","href":"https:\/\/api.w.org\/{rel}","templated":true}]}}