{"id":20455,"date":"2024-05-30T11:51:39","date_gmt":"2024-05-30T14:51:39","guid":{"rendered":"https:\/\/www.respaldoalcantara-alicante.cl\/alcantara-cordillera\/?p=20455"},"modified":"2024-05-30T11:56:31","modified_gmt":"2024-05-30T14:56:31","slug":"acto-civico-21-de-mayo","status":"publish","type":"post","link":"https:\/\/www.respaldoalcantara-alicante.cl\/alcantara-cordillera\/2024\/05\/30\/acto-civico-21-de-mayo\/","title":{"rendered":"Acto c\u00edvico 21 de mayo"},"content":{"rendered":"\t\t<div data-elementor-type=\"wp-post\" data-elementor-id=\"20455\" class=\"elementor elementor-20455\" data-elementor-settings=\"{&quot;ha_cmc_init_switcher&quot;:&quot;no&quot;}\" data-elementor-post-type=\"post\">\n\t\t\t\t<div class=\"elementor-element elementor-element-b97f458 e-flex e-con-boxed parallax_section_no qode_elementor_container_no e-con e-parent\" data-id=\"b97f458\" data-element_type=\"container\" data-settings=\"{&quot;jet_parallax_layout_list&quot;:[],&quot;_ha_eqh_enable&quot;:false}\">\n\t\t\t\t\t<div class=\"e-con-inner\">\n\t\t\t\t<div class=\"elementor-element elementor-element-855e845 elementor-widget elementor-widget-text-editor\" data-id=\"855e845\" data-element_type=\"widget\" data-widget_type=\"text-editor.default\">\n\t\t\t\t<div class=\"elementor-widget-container\">\n\t\t\t\t\t\t\t\t\t<p>Participaci\u00f3n de los estudiantes m\u00e1s peque\u00f1os de nuestro colegio en la conmemoraci\u00f3n del 21 de mayo.<\/p>\t\t\t\t\t\t\t\t<\/div>\n\t\t\t\t<\/div>\n\t\t\t\t\t<\/div>\n\t\t\t\t<\/div>\n\t\t<div class=\"elementor-element elementor-element-428cdd9 e-flex e-con-boxed parallax_section_no qode_elementor_container_no e-con e-parent\" data-id=\"428cdd9\" data-element_type=\"container\" data-settings=\"{&quot;jet_parallax_layout_list&quot;:[],&quot;_ha_eqh_enable&quot;:false}\">\n\t\t\t\t\t<div class=\"e-con-inner\">\n\t\t\t\t<div class=\"elementor-element elementor-element-7dd6e4b elementor-widget elementor-widget-gallery\" data-id=\"7dd6e4b\" data-element_type=\"widget\" data-settings=\"{&quot;lazyload&quot;:&quot;yes&quot;,&quot;gallery_layout&quot;:&quot;grid&quot;,&quot;columns&quot;:4,&quot;columns_tablet&quot;:2,&quot;columns_mobile&quot;:1,&quot;gap&quot;:{&quot;unit&quot;:&quot;px&quot;,&quot;size&quot;:10,&quot;sizes&quot;:[]},&quot;gap_tablet&quot;:{&quot;unit&quot;:&quot;px&quot;,&quot;size&quot;:10,&quot;sizes&quot;:[]},&quot;gap_mobile&quot;:{&quot;unit&quot;:&quot;px&quot;,&quot;size&quot;:10,&quot;sizes&quot;:[]},&quot;link_to&quot;:&quot;file&quot;,&quot;aspect_ratio&quot;:&quot;3:2&quot;,&quot;overlay_background&quot;:&quot;yes&quot;,&quot;content_hover_animation&quot;:&quot;fade-in&quot;}\" data-widget_type=\"gallery.default\">\n\t\t\t\t<div class=\"elementor-widget-container\">\n\t\t\t\t\t\t\t<div class=\"elementor-gallery__container\">\n\t\t\t\t\t\t\t<a class=\"e-gallery-item elementor-gallery-item elementor-animated-content\" href=\"https:\/\/www.respaldoalcantara-alicante.cl\/alcantara-cordillera\/wp-content\/uploads\/sites\/2\/2024\/05\/Colegio_Alcantara_Cordillera1.jpeg\" data-elementor-open-lightbox=\"yes\" data-elementor-lightbox-slideshow=\"7dd6e4b\" data-elementor-lightbox-title=\"Colegio_Alcantara_Cordillera1\" data-e-action-hash=\"#elementor-action%3Aaction%3Dlightbox%26settings%3DeyJpZCI6MjA0NTgsInVybCI6Imh0dHBzOlwvXC93d3cucmVzcGFsZG9hbGNhbnRhcmEtYWxpY2FudGUuY2xcL2FsY2FudGFyYS1jb3JkaWxsZXJhXC93cC1jb250ZW50XC91cGxvYWRzXC9zaXRlc1wvMlwvMjAyNFwvMDVcL0NvbGVnaW9fQWxjYW50YXJhX0NvcmRpbGxlcmExLmpwZWciLCJzbGlkZXNob3ciOiI3ZGQ2ZTRiIn0%3D\">\n\t\t\t\t\t<div class=\"e-gallery-image elementor-gallery-item__image\" data-thumbnail=\"https:\/\/www.respaldoalcantara-alicante.cl\/alcantara-cordillera\/wp-content\/uploads\/sites\/2\/2024\/05\/Colegio_Alcantara_Cordillera1-225x300.jpeg\" data-width=\"225\" data-height=\"300\" aria-label=\"Acto c\u00edvico 21 de mayo\" role=\"img\" ><\/div>\n\t\t\t\t\t\t\t\t\t\t\t<div class=\"elementor-gallery-item__overlay\"><\/div>\n\t\t\t\t\t\t\t\t\t\t\t\t\t\t<\/a>\n\t\t\t\t\t\t\t<a class=\"e-gallery-item elementor-gallery-item elementor-animated-content\" href=\"https:\/\/www.respaldoalcantara-alicante.cl\/alcantara-cordillera\/wp-content\/uploads\/sites\/2\/2024\/05\/Colegio_Alcantara_Cordillera2.jpeg\" data-elementor-open-lightbox=\"yes\" data-elementor-lightbox-slideshow=\"7dd6e4b\" data-elementor-lightbox-title=\"Colegio_Alcantara_Cordillera2\" data-e-action-hash=\"#elementor-action%3Aaction%3Dlightbox%26settings%3DeyJpZCI6MjA0NTksInVybCI6Imh0dHBzOlwvXC93d3cucmVzcGFsZG9hbGNhbnRhcmEtYWxpY2FudGUuY2xcL2FsY2FudGFyYS1jb3JkaWxsZXJhXC93cC1jb250ZW50XC91cGxvYWRzXC9zaXRlc1wvMlwvMjAyNFwvMDVcL0NvbGVnaW9fQWxjYW50YXJhX0NvcmRpbGxlcmEyLmpwZWciLCJzbGlkZXNob3ciOiI3ZGQ2ZTRiIn0%3D\">\n\t\t\t\t\t<div class=\"e-gallery-image elementor-gallery-item__image\" data-thumbnail=\"https:\/\/www.respaldoalcantara-alicante.cl\/alcantara-cordillera\/wp-content\/uploads\/sites\/2\/2024\/05\/Colegio_Alcantara_Cordillera2-225x300.jpeg\" data-width=\"225\" data-height=\"300\" aria-label=\"Acto c\u00edvico 21 de mayo\" role=\"img\" ><\/div>\n\t\t\t\t\t\t\t\t\t\t\t<div class=\"elementor-gallery-item__overlay\"><\/div>\n\t\t\t\t\t\t\t\t\t\t\t\t\t\t<\/a>\n\t\t\t\t\t\t\t<a class=\"e-gallery-item elementor-gallery-item elementor-animated-content\" href=\"https:\/\/www.respaldoalcantara-alicante.cl\/alcantara-cordillera\/wp-content\/uploads\/sites\/2\/2024\/05\/Colegio_Alcantara_Cordillera3.jpeg\" data-elementor-open-lightbox=\"yes\" data-elementor-lightbox-slideshow=\"7dd6e4b\" data-elementor-lightbox-title=\"Colegio_Alcantara_Cordillera3\" data-e-action-hash=\"#elementor-action%3Aaction%3Dlightbox%26settings%3DeyJpZCI6MjA0NjAsInVybCI6Imh0dHBzOlwvXC93d3cucmVzcGFsZG9hbGNhbnRhcmEtYWxpY2FudGUuY2xcL2FsY2FudGFyYS1jb3JkaWxsZXJhXC93cC1jb250ZW50XC91cGxvYWRzXC9zaXRlc1wvMlwvMjAyNFwvMDVcL0NvbGVnaW9fQWxjYW50YXJhX0NvcmRpbGxlcmEzLmpwZWciLCJzbGlkZXNob3ciOiI3ZGQ2ZTRiIn0%3D\">\n\t\t\t\t\t<div class=\"e-gallery-image elementor-gallery-item__image\" data-thumbnail=\"https:\/\/www.respaldoalcantara-alicante.cl\/alcantara-cordillera\/wp-content\/uploads\/sites\/2\/2024\/05\/Colegio_Alcantara_Cordillera3-225x300.jpeg\" data-width=\"225\" data-height=\"300\" aria-label=\"Acto c\u00edvico 21 de mayo\" role=\"img\" ><\/div>\n\t\t\t\t\t\t\t\t\t\t\t<div class=\"elementor-gallery-item__overlay\"><\/div>\n\t\t\t\t\t\t\t\t\t\t\t\t\t\t<\/a>\n\t\t\t\t\t\t\t<a class=\"e-gallery-item elementor-gallery-item elementor-animated-content\" href=\"https:\/\/www.respaldoalcantara-alicante.cl\/alcantara-cordillera\/wp-content\/uploads\/sites\/2\/2024\/05\/Colegio_Alcantara_Cordillera4.jpeg\" data-elementor-open-lightbox=\"yes\" data-elementor-lightbox-slideshow=\"7dd6e4b\" data-elementor-lightbox-title=\"Colegio_Alcantara_Cordillera4\" data-e-action-hash=\"#elementor-action%3Aaction%3Dlightbox%26settings%3DeyJpZCI6MjA0NjEsInVybCI6Imh0dHBzOlwvXC93d3cucmVzcGFsZG9hbGNhbnRhcmEtYWxpY2FudGUuY2xcL2FsY2FudGFyYS1jb3JkaWxsZXJhXC93cC1jb250ZW50XC91cGxvYWRzXC9zaXRlc1wvMlwvMjAyNFwvMDVcL0NvbGVnaW9fQWxjYW50YXJhX0NvcmRpbGxlcmE0LmpwZWciLCJzbGlkZXNob3ciOiI3ZGQ2ZTRiIn0%3D\">\n\t\t\t\t\t<div class=\"e-gallery-image elementor-gallery-item__image\" data-thumbnail=\"https:\/\/www.respaldoalcantara-alicante.cl\/alcantara-cordillera\/wp-content\/uploads\/sites\/2\/2024\/05\/Colegio_Alcantara_Cordillera4-225x300.jpeg\" data-width=\"225\" data-height=\"300\" aria-label=\"Acto c\u00edvico 21 de mayo\" role=\"img\" ><\/div>\n\t\t\t\t\t\t\t\t\t\t\t<div class=\"elementor-gallery-item__overlay\"><\/div>\n\t\t\t\t\t\t\t\t\t\t\t\t\t\t<\/a>\n\t\t\t\t\t\t\t<a class=\"e-gallery-item elementor-gallery-item elementor-animated-content\" href=\"https:\/\/www.respaldoalcantara-alicante.cl\/alcantara-cordillera\/wp-content\/uploads\/sites\/2\/2024\/05\/Colegio_Alcantara_Cordillera5.jpeg\" data-elementor-open-lightbox=\"yes\" data-elementor-lightbox-slideshow=\"7dd6e4b\" data-elementor-lightbox-title=\"Colegio_Alcantara_Cordillera5\" data-e-action-hash=\"#elementor-action%3Aaction%3Dlightbox%26settings%3DeyJpZCI6MjA0NjIsInVybCI6Imh0dHBzOlwvXC93d3cucmVzcGFsZG9hbGNhbnRhcmEtYWxpY2FudGUuY2xcL2FsY2FudGFyYS1jb3JkaWxsZXJhXC93cC1jb250ZW50XC91cGxvYWRzXC9zaXRlc1wvMlwvMjAyNFwvMDVcL0NvbGVnaW9fQWxjYW50YXJhX0NvcmRpbGxlcmE1LmpwZWciLCJzbGlkZXNob3ciOiI3ZGQ2ZTRiIn0%3D\">\n\t\t\t\t\t<div class=\"e-gallery-image elementor-gallery-item__image\" data-thumbnail=\"https:\/\/www.respaldoalcantara-alicante.cl\/alcantara-cordillera\/wp-content\/uploads\/sites\/2\/2024\/05\/Colegio_Alcantara_Cordillera5-283x300.jpeg\" data-width=\"283\" data-height=\"300\" aria-label=\"Acto c\u00edvico 21 de mayo\" role=\"img\" ><\/div>\n\t\t\t\t\t\t\t\t\t\t\t<div class=\"elementor-gallery-item__overlay\"><\/div>\n\t\t\t\t\t\t\t\t\t\t\t\t\t\t<\/a>\n\t\t\t\t\t\t\t<a class=\"e-gallery-item elementor-gallery-item elementor-animated-content\" href=\"https:\/\/www.respaldoalcantara-alicante.cl\/alcantara-cordillera\/wp-content\/uploads\/sites\/2\/2024\/05\/Colegio_Alcantara_Cordillera6.jpeg\" data-elementor-open-lightbox=\"yes\" data-elementor-lightbox-slideshow=\"7dd6e4b\" data-elementor-lightbox-title=\"Colegio_Alcantara_Cordillera6\" data-e-action-hash=\"#elementor-action%3Aaction%3Dlightbox%26settings%3DeyJpZCI6MjA0NjMsInVybCI6Imh0dHBzOlwvXC93d3cucmVzcGFsZG9hbGNhbnRhcmEtYWxpY2FudGUuY2xcL2FsY2FudGFyYS1jb3JkaWxsZXJhXC93cC1jb250ZW50XC91cGxvYWRzXC9zaXRlc1wvMlwvMjAyNFwvMDVcL0NvbGVnaW9fQWxjYW50YXJhX0NvcmRpbGxlcmE2LmpwZWciLCJzbGlkZXNob3ciOiI3ZGQ2ZTRiIn0%3D\">\n\t\t\t\t\t<div class=\"e-gallery-image elementor-gallery-item__image\" data-thumbnail=\"https:\/\/www.respaldoalcantara-alicante.cl\/alcantara-cordillera\/wp-content\/uploads\/sites\/2\/2024\/05\/Colegio_Alcantara_Cordillera6-286x300.jpeg\" data-width=\"286\" data-height=\"300\" aria-label=\"Acto c\u00edvico 21 de mayo\" role=\"img\" ><\/div>\n\t\t\t\t\t\t\t\t\t\t\t<div class=\"elementor-gallery-item__overlay\"><\/div>\n\t\t\t\t\t\t\t\t\t\t\t\t\t\t<\/a>\n\t\t\t\t\t\t\t<a class=\"e-gallery-item elementor-gallery-item elementor-animated-content\" href=\"https:\/\/www.respaldoalcantara-alicante.cl\/alcantara-cordillera\/wp-content\/uploads\/sites\/2\/2024\/05\/Colegio_Alcantara_Cordillera7.jpeg\" data-elementor-open-lightbox=\"yes\" data-elementor-lightbox-slideshow=\"7dd6e4b\" data-elementor-lightbox-title=\"Colegio_Alcantara_Cordillera7\" data-e-action-hash=\"#elementor-action%3Aaction%3Dlightbox%26settings%3DeyJpZCI6MjA0NjQsInVybCI6Imh0dHBzOlwvXC93d3cucmVzcGFsZG9hbGNhbnRhcmEtYWxpY2FudGUuY2xcL2FsY2FudGFyYS1jb3JkaWxsZXJhXC93cC1jb250ZW50XC91cGxvYWRzXC9zaXRlc1wvMlwvMjAyNFwvMDVcL0NvbGVnaW9fQWxjYW50YXJhX0NvcmRpbGxlcmE3LmpwZWciLCJzbGlkZXNob3ciOiI3ZGQ2ZTRiIn0%3D\">\n\t\t\t\t\t<div class=\"e-gallery-image elementor-gallery-item__image\" data-thumbnail=\"https:\/\/www.respaldoalcantara-alicante.cl\/alcantara-cordillera\/wp-content\/uploads\/sites\/2\/2024\/05\/Colegio_Alcantara_Cordillera7-300x300.jpeg\" data-width=\"300\" data-height=\"300\" aria-label=\"Acto c\u00edvico 21 de mayo\" role=\"img\" ><\/div>\n\t\t\t\t\t\t\t\t\t\t\t<div class=\"elementor-gallery-item__overlay\"><\/div>\n\t\t\t\t\t\t\t\t\t\t\t\t\t\t<\/a>\n\t\t\t\t\t\t\t<a class=\"e-gallery-item elementor-gallery-item elementor-animated-content\" href=\"https:\/\/www.respaldoalcantara-alicante.cl\/alcantara-cordillera\/wp-content\/uploads\/sites\/2\/2024\/05\/Colegio_Alcantara_Cordillera8.jpeg\" data-elementor-open-lightbox=\"yes\" data-elementor-lightbox-slideshow=\"7dd6e4b\" data-elementor-lightbox-title=\"Colegio_Alcantara_Cordillera8\" data-e-action-hash=\"#elementor-action%3Aaction%3Dlightbox%26settings%3DeyJpZCI6MjA0NjUsInVybCI6Imh0dHBzOlwvXC93d3cucmVzcGFsZG9hbGNhbnRhcmEtYWxpY2FudGUuY2xcL2FsY2FudGFyYS1jb3JkaWxsZXJhXC93cC1jb250ZW50XC91cGxvYWRzXC9zaXRlc1wvMlwvMjAyNFwvMDVcL0NvbGVnaW9fQWxjYW50YXJhX0NvcmRpbGxlcmE4LmpwZWciLCJzbGlkZXNob3ciOiI3ZGQ2ZTRiIn0%3D\">\n\t\t\t\t\t<div class=\"e-gallery-image elementor-gallery-item__image\" data-thumbnail=\"https:\/\/www.respaldoalcantara-alicante.cl\/alcantara-cordillera\/wp-content\/uploads\/sites\/2\/2024\/05\/Colegio_Alcantara_Cordillera8-277x300.jpeg\" data-width=\"277\" data-height=\"300\" aria-label=\"Acto c\u00edvico 21 de mayo\" role=\"img\" ><\/div>\n\t\t\t\t\t\t\t\t\t\t\t<div class=\"elementor-gallery-item__overlay\"><\/div>\n\t\t\t\t\t\t\t\t\t\t\t\t\t\t<\/a>\n\t\t\t\t\t\t\t<a class=\"e-gallery-item elementor-gallery-item elementor-animated-content\" href=\"https:\/\/www.respaldoalcantara-alicante.cl\/alcantara-cordillera\/wp-content\/uploads\/sites\/2\/2024\/05\/Colegio_Alcantara_Cordillera10.jpeg\" data-elementor-open-lightbox=\"yes\" data-elementor-lightbox-slideshow=\"7dd6e4b\" data-elementor-lightbox-title=\"Colegio_Alcantara_Cordillera10\" data-e-action-hash=\"#elementor-action%3Aaction%3Dlightbox%26settings%3DeyJpZCI6MjA0NjYsInVybCI6Imh0dHBzOlwvXC93d3cucmVzcGFsZG9hbGNhbnRhcmEtYWxpY2FudGUuY2xcL2FsY2FudGFyYS1jb3JkaWxsZXJhXC93cC1jb250ZW50XC91cGxvYWRzXC9zaXRlc1wvMlwvMjAyNFwvMDVcL0NvbGVnaW9fQWxjYW50YXJhX0NvcmRpbGxlcmExMC5qcGVnIiwic2xpZGVzaG93IjoiN2RkNmU0YiJ9\">\n\t\t\t\t\t<div class=\"e-gallery-image elementor-gallery-item__image\" data-thumbnail=\"https:\/\/www.respaldoalcantara-alicante.cl\/alcantara-cordillera\/wp-content\/uploads\/sites\/2\/2024\/05\/Colegio_Alcantara_Cordillera10-300x300.jpeg\" data-width=\"300\" data-height=\"300\" aria-label=\"Acto c\u00edvico 21 de mayo\" role=\"img\" ><\/div>\n\t\t\t\t\t\t\t\t\t\t\t<div class=\"elementor-gallery-item__overlay\"><\/div>\n\t\t\t\t\t\t\t\t\t\t\t\t\t\t<\/a>\n\t\t\t\t\t\t\t<a class=\"e-gallery-item elementor-gallery-item elementor-animated-content\" href=\"https:\/\/www.respaldoalcantara-alicante.cl\/alcantara-cordillera\/wp-content\/uploads\/sites\/2\/2024\/05\/Colegio_Alcantara_Cordillera12.jpeg\" data-elementor-open-lightbox=\"yes\" data-elementor-lightbox-slideshow=\"7dd6e4b\" data-elementor-lightbox-title=\"Colegio_Alcantara_Cordillera12\" data-e-action-hash=\"#elementor-action%3Aaction%3Dlightbox%26settings%3DeyJpZCI6MjA0NjgsInVybCI6Imh0dHBzOlwvXC93d3cucmVzcGFsZG9hbGNhbnRhcmEtYWxpY2FudGUuY2xcL2FsY2FudGFyYS1jb3JkaWxsZXJhXC93cC1jb250ZW50XC91cGxvYWRzXC9zaXRlc1wvMlwvMjAyNFwvMDVcL0NvbGVnaW9fQWxjYW50YXJhX0NvcmRpbGxlcmExMi5qcGVnIiwic2xpZGVzaG93IjoiN2RkNmU0YiJ9\">\n\t\t\t\t\t<div class=\"e-gallery-image elementor-gallery-item__image\" data-thumbnail=\"https:\/\/www.respaldoalcantara-alicante.cl\/alcantara-cordillera\/wp-content\/uploads\/sites\/2\/2024\/05\/Colegio_Alcantara_Cordillera12-300x180.jpeg\" data-width=\"300\" data-height=\"180\" aria-label=\"Acto c\u00edvico 21 de mayo\" role=\"img\" ><\/div>\n\t\t\t\t\t\t\t\t\t\t\t<div class=\"elementor-gallery-item__overlay\"><\/div>\n\t\t\t\t\t\t\t\t\t\t\t\t\t\t<\/a>\n\t\t\t\t\t\t\t<a class=\"e-gallery-item elementor-gallery-item elementor-animated-content\" href=\"https:\/\/www.respaldoalcantara-alicante.cl\/alcantara-cordillera\/wp-content\/uploads\/sites\/2\/2024\/05\/Colegio_Alcantara_Cordillera13.jpeg\" data-elementor-open-lightbox=\"yes\" data-elementor-lightbox-slideshow=\"7dd6e4b\" data-elementor-lightbox-title=\"Colegio_Alcantara_Cordillera13\" data-e-action-hash=\"#elementor-action%3Aaction%3Dlightbox%26settings%3DeyJpZCI6MjA0NjksInVybCI6Imh0dHBzOlwvXC93d3cucmVzcGFsZG9hbGNhbnRhcmEtYWxpY2FudGUuY2xcL2FsY2FudGFyYS1jb3JkaWxsZXJhXC93cC1jb250ZW50XC91cGxvYWRzXC9zaXRlc1wvMlwvMjAyNFwvMDVcL0NvbGVnaW9fQWxjYW50YXJhX0NvcmRpbGxlcmExMy5qcGVnIiwic2xpZGVzaG93IjoiN2RkNmU0YiJ9\">\n\t\t\t\t\t<div class=\"e-gallery-image elementor-gallery-item__image\" data-thumbnail=\"https:\/\/www.respaldoalcantara-alicante.cl\/alcantara-cordillera\/wp-content\/uploads\/sites\/2\/2024\/05\/Colegio_Alcantara_Cordillera13-300x234.jpeg\" data-width=\"300\" data-height=\"234\" aria-label=\"Acto c\u00edvico 21 de mayo\" role=\"img\" ><\/div>\n\t\t\t\t\t\t\t\t\t\t\t<div class=\"elementor-gallery-item__overlay\"><\/div>\n\t\t\t\t\t\t\t\t\t\t\t\t\t\t<\/a>\n\t\t\t\t\t\t\t<a class=\"e-gallery-item elementor-gallery-item elementor-animated-content\" href=\"https:\/\/www.respaldoalcantara-alicante.cl\/alcantara-cordillera\/wp-content\/uploads\/sites\/2\/2024\/05\/Colegio_Alcantara_Cordillera.jpeg\" data-elementor-open-lightbox=\"yes\" data-elementor-lightbox-slideshow=\"7dd6e4b\" data-elementor-lightbox-title=\"Colegio_Alcantara_Cordillera\" data-e-action-hash=\"#elementor-action%3Aaction%3Dlightbox%26settings%3DeyJpZCI6MjA0NTYsInVybCI6Imh0dHBzOlwvXC93d3cucmVzcGFsZG9hbGNhbnRhcmEtYWxpY2FudGUuY2xcL2FsY2FudGFyYS1jb3JkaWxsZXJhXC93cC1jb250ZW50XC91cGxvYWRzXC9zaXRlc1wvMlwvMjAyNFwvMDVcL0NvbGVnaW9fQWxjYW50YXJhX0NvcmRpbGxlcmEuanBlZyIsInNsaWRlc2hvdyI6IjdkZDZlNGIifQ%3D%3D\">\n\t\t\t\t\t<div class=\"e-gallery-image elementor-gallery-item__image\" data-thumbnail=\"https:\/\/www.respaldoalcantara-alicante.cl\/alcantara-cordillera\/wp-content\/uploads\/sites\/2\/2024\/05\/Colegio_Alcantara_Cordillera-300x200.jpeg\" data-width=\"300\" data-height=\"200\" aria-label=\"Acto c\u00edvico 21 de mayo\" role=\"img\" ><\/div>\n\t\t\t\t\t\t\t\t\t\t\t<div class=\"elementor-gallery-item__overlay\"><\/div>\n\t\t\t\t\t\t\t\t\t\t\t\t\t\t<\/a>\n\t\t\t\t\t<\/div>\n\t\t\t\t\t<\/div>\n\t\t\t\t<\/div>\n\t\t\t\t\t<\/div>\n\t\t\t\t<\/div>\n\t\t\t\t<\/div>\n\t\t","protected":false},"excerpt":{"rendered":"<p>Participaci\u00f3n de los estudiantes m\u00e1s peque\u00f1os de nuestro colegio en la conmemoraci\u00f3n del 21 de mayo.<\/p>\n","protected":false},"author":5,"featured_media":20456,"comment_status":"closed","ping_status":"open","sticky":false,"template":"","format":"standard","meta":{"footnotes":""},"categories":[26,24,22],"tags":[],"class_list":["post-20455","post","type-post","status-publish","format-standard","has-post-thumbnail","hentry","category-academicas","category-culturales","category-destacadas"],"aioseo_notices":[],"_links":{"self":[{"href":"https:\/\/www.respaldoalcantara-alicante.cl\/alcantara-cordillera\/wp-json\/wp\/v2\/posts\/20455","targetHints":{"allow":["GET"]}}],"collection":[{"href":"https:\/\/www.respaldoalcantara-alicante.cl\/alcantara-cordillera\/wp-json\/wp\/v2\/posts"}],"about":[{"href":"https:\/\/www.respaldoalcantara-alicante.cl\/alcantara-cordillera\/wp-json\/wp\/v2\/types\/post"}],"author":[{"embeddable":true,"href":"https:\/\/www.respaldoalcantara-alicante.cl\/alcantara-cordillera\/wp-json\/wp\/v2\/users\/5"}],"replies":[{"embeddable":true,"href":"https:\/\/www.respaldoalcantara-alicante.cl\/alcantara-cordillera\/wp-json\/wp\/v2\/comments?post=20455"}],"version-history":[{"count":7,"href":"https:\/\/www.respaldoalcantara-alicante.cl\/alcantara-cordillera\/wp-json\/wp\/v2\/posts\/20455\/revisions"}],"predecessor-version":[{"id":20475,"href":"https:\/\/www.respaldoalcantara-alicante.cl\/alcantara-cordillera\/wp-json\/wp\/v2\/posts\/20455\/revisions\/20475"}],"wp:featuredmedia":[{"embeddable":true,"href":"https:\/\/www.respaldoalcantara-alicante.cl\/alcantara-cordillera\/wp-json\/wp\/v2\/media\/20456"}],"wp:attachment":[{"href":"https:\/\/www.respaldoalcantara-alicante.cl\/alcantara-cordillera\/wp-json\/wp\/v2\/media?parent=20455"}],"wp:term":[{"taxonomy":"category","embeddable":true,"href":"https:\/\/www.respaldoalcantara-alicante.cl\/alcantara-cordillera\/wp-json\/wp\/v2\/categories?post=20455"},{"taxonomy":"post_tag","embeddable":true,"href":"https:\/\/www.respaldoalcantara-alicante.cl\/alcantara-cordillera\/wp-json\/wp\/v2\/tags?post=20455"}],"curies":[{"name":"wp","href":"https:\/\/api.w.org\/{rel}","templated":true}]}}