{"id":20101,"date":"2024-03-15T10:19:00","date_gmt":"2024-03-15T13:19:00","guid":{"rendered":"https:\/\/www.respaldoalcantara-alicante.cl\/alcantara-cordillera\/?p=20101"},"modified":"2024-03-15T10:29:58","modified_gmt":"2024-03-15T13:29:58","slug":"primera-reunion-de-apoderados-2024","status":"publish","type":"post","link":"https:\/\/www.respaldoalcantara-alicante.cl\/alcantara-cordillera\/2024\/03\/15\/primera-reunion-de-apoderados-2024\/","title":{"rendered":"Primera reuni\u00f3n de apoderados 2024"},"content":{"rendered":"\t\t<div data-elementor-type=\"wp-post\" data-elementor-id=\"20101\" class=\"elementor elementor-20101\" data-elementor-settings=\"{&quot;ha_cmc_init_switcher&quot;:&quot;no&quot;}\" data-elementor-post-type=\"post\">\n\t\t\t\t\t\t<section class=\"elementor-section elementor-top-section elementor-element elementor-element-f5794d9 elementor-section-boxed elementor-section-height-default elementor-section-height-default parallax_section_no qode_elementor_container_no\" data-id=\"f5794d9\" data-element_type=\"section\" data-settings=\"{&quot;jet_parallax_layout_list&quot;:[],&quot;_ha_eqh_enable&quot;:false}\">\n\t\t\t\t\t\t<div class=\"elementor-container elementor-column-gap-default\">\n\t\t\t\t\t<div class=\"elementor-column elementor-col-100 elementor-top-column elementor-element elementor-element-1f12584\" data-id=\"1f12584\" data-element_type=\"column\">\n\t\t\t<div class=\"elementor-widget-wrap elementor-element-populated\">\n\t\t\t\t\t\t<div class=\"elementor-element elementor-element-8ccce68 elementor-widget elementor-widget-text-editor\" data-id=\"8ccce68\" data-element_type=\"widget\" data-widget_type=\"text-editor.default\">\n\t\t\t\t<div class=\"elementor-widget-container\">\n\t\t\t\t\t\t\t\t\t<p>Estimados padres y apoderados:<\/p><p>Junto con saludarlos y esperando que se encuentren bien, informamos a ustedes que los d\u00edas mi\u00e9rcoles 20 y jueves 21 de marzo se realizar\u00e1n las reuniones de <strong>apoderados (sin alumnos\/as y un adulto por estudiante ) <\/strong>a las 19:00 horas.<\/p><p>A continuaci\u00f3n, les entregamos el calendario de cada d\u00eda y los cursos que\u00a0 corresponden.<\/p><p>\u00a0<\/p><p><span style=\"text-decoration: underline; color: #b40431;\"><strong>MI\u00c9RCOLES 20 DE MARZO &#8211; 19:00 hrs<\/strong><\/span><\/p><p>Prek\u00ednder A<\/p><p>K\u00ednder A<\/p><p>Primero b\u00e1sico A<\/p><p>Segundo b\u00e1sico B<\/p><p>Terceros\u00a0 b\u00e1sicos A y B<\/p><p>Cuarto b\u00e1sico\u00a0 A<\/p><p>Quintos b\u00e1sicos A y B<\/p><p>Sexto b\u00e1sico B<\/p><p>Octavo b\u00e1sico C\u00a0<\/p><p>\u00a0<\/p><p><span style=\"text-decoration: underline; color: #b40431;\"><strong>JUEVES 21 DE MARZO 19:00 hrs<\/strong><\/span><\/p><p>Prek\u00ednder B<\/p><p>K\u00ednder B<\/p><p>Primero b\u00e1sico B<\/p><p>Segundo b\u00e1sico A<\/p><p>Cuarto b\u00e1sico B<\/p><p>Sexto b\u00e1sico A<\/p><p>S\u00e9ptimos b\u00e1sico A y B<\/p><p>Octavos b\u00e1sicos A y B<\/p><p>Primeros medios A, B y C<\/p><p>\u00a0Segundos medios A y B<\/p><p>Terceros medios A y B<\/p><p>Cuartos medios A y B<\/p><p>\u00a0<\/p><p>\u00a0<\/p><p><strong>Equipo de Gesti\u00f3n<\/strong><\/p>\t\t\t\t\t\t\t\t<\/div>\n\t\t\t\t<\/div>\n\t\t\t\t\t<\/div>\n\t\t<\/div>\n\t\t\t\t\t<\/div>\n\t\t<\/section>\n\t\t\t\t<\/div>\n\t\t","protected":false},"excerpt":{"rendered":"<p>Estimados padres y apoderados: Junto con saludarlos y esperando que se encuentren bien, informamos a ustedes que los d\u00edas mi\u00e9rcoles 20 y jueves 21 de marzo se realizar\u00e1n las reuniones de apoderados (sin alumnos\/as y un adulto por estudiante ) a las 19:00 horas. A&#8230;<\/p>\n","protected":false},"author":5,"featured_media":20102,"comment_status":"closed","ping_status":"open","sticky":false,"template":"","format":"standard","meta":{"footnotes":""},"categories":[26,38,22],"tags":[],"class_list":["post-20101","post","type-post","status-publish","format-standard","has-post-thumbnail","hentry","category-academicas","category-comunicado","category-destacadas"],"aioseo_notices":[],"_links":{"self":[{"href":"https:\/\/www.respaldoalcantara-alicante.cl\/alcantara-cordillera\/wp-json\/wp\/v2\/posts\/20101","targetHints":{"allow":["GET"]}}],"collection":[{"href":"https:\/\/www.respaldoalcantara-alicante.cl\/alcantara-cordillera\/wp-json\/wp\/v2\/posts"}],"about":[{"href":"https:\/\/www.respaldoalcantara-alicante.cl\/alcantara-cordillera\/wp-json\/wp\/v2\/types\/post"}],"author":[{"embeddable":true,"href":"https:\/\/www.respaldoalcantara-alicante.cl\/alcantara-cordillera\/wp-json\/wp\/v2\/users\/5"}],"replies":[{"embeddable":true,"href":"https:\/\/www.respaldoalcantara-alicante.cl\/alcantara-cordillera\/wp-json\/wp\/v2\/comments?post=20101"}],"version-history":[{"count":4,"href":"https:\/\/www.respaldoalcantara-alicante.cl\/alcantara-cordillera\/wp-json\/wp\/v2\/posts\/20101\/revisions"}],"predecessor-version":[{"id":20106,"href":"https:\/\/www.respaldoalcantara-alicante.cl\/alcantara-cordillera\/wp-json\/wp\/v2\/posts\/20101\/revisions\/20106"}],"wp:featuredmedia":[{"embeddable":true,"href":"https:\/\/www.respaldoalcantara-alicante.cl\/alcantara-cordillera\/wp-json\/wp\/v2\/media\/20102"}],"wp:attachment":[{"href":"https:\/\/www.respaldoalcantara-alicante.cl\/alcantara-cordillera\/wp-json\/wp\/v2\/media?parent=20101"}],"wp:term":[{"taxonomy":"category","embeddable":true,"href":"https:\/\/www.respaldoalcantara-alicante.cl\/alcantara-cordillera\/wp-json\/wp\/v2\/categories?post=20101"},{"taxonomy":"post_tag","embeddable":true,"href":"https:\/\/www.respaldoalcantara-alicante.cl\/alcantara-cordillera\/wp-json\/wp\/v2\/tags?post=20101"}],"curies":[{"name":"wp","href":"https:\/\/api.w.org\/{rel}","templated":true}]}}