{"id":20054,"date":"2024-02-28T11:05:21","date_gmt":"2024-02-28T14:05:21","guid":{"rendered":"https:\/\/www.respaldoalcantara-alicante.cl\/alcantara-cordillera\/?p=20054"},"modified":"2024-02-28T11:05:26","modified_gmt":"2024-02-28T14:05:26","slug":"informacion-inicio-ano-escolar-2024","status":"publish","type":"post","link":"https:\/\/www.respaldoalcantara-alicante.cl\/alcantara-cordillera\/2024\/02\/28\/informacion-inicio-ano-escolar-2024\/","title":{"rendered":"Informaci\u00f3n inicio a\u00f1o escolar 2024"},"content":{"rendered":"\t\t<div data-elementor-type=\"wp-post\" data-elementor-id=\"20054\" class=\"elementor elementor-20054\" data-elementor-settings=\"{&quot;ha_cmc_init_switcher&quot;:&quot;no&quot;}\" data-elementor-post-type=\"post\">\n\t\t\t\t\t\t<section class=\"elementor-section elementor-top-section elementor-element elementor-element-e5518c4 elementor-section-boxed elementor-section-height-default elementor-section-height-default parallax_section_no qode_elementor_container_no\" data-id=\"e5518c4\" data-element_type=\"section\" data-settings=\"{&quot;jet_parallax_layout_list&quot;:[],&quot;_ha_eqh_enable&quot;:false}\">\n\t\t\t\t\t\t<div class=\"elementor-container elementor-column-gap-default\">\n\t\t\t\t\t<div class=\"elementor-column elementor-col-100 elementor-top-column elementor-element elementor-element-2820d92\" data-id=\"2820d92\" data-element_type=\"column\">\n\t\t\t<div class=\"elementor-widget-wrap elementor-element-populated\">\n\t\t\t\t\t\t<div class=\"elementor-element elementor-element-197ce67 elementor-widget elementor-widget-heading\" data-id=\"197ce67\" data-element_type=\"widget\" data-widget_type=\"heading.default\">\n\t\t\t\t<div class=\"elementor-widget-container\">\n\t\t\t\t\t<h4 class=\"elementor-heading-title elementor-size-default\">INGRESO 2024 <\/h4>\t\t\t\t<\/div>\n\t\t\t\t<\/div>\n\t\t\t\t<div class=\"elementor-element elementor-element-5966269 elementor-widget elementor-widget-text-editor\" data-id=\"5966269\" data-element_type=\"widget\" data-widget_type=\"text-editor.default\">\n\t\t\t\t<div class=\"elementor-widget-container\">\n\t\t\t\t\t\t\t\t\t<ul><li>Inicio de a\u00f1o acad\u00e9mico 2024 el <strong><u>d\u00eda martes 5 de marzo.<\/u><\/strong><\/li><li>Solo ingresar\u00e1n padres y apoderados de los cursos de <strong><u>Pre Escolar y de 1\u00b0 a 4\u00b0 b\u00e1sico<\/u><\/strong> por la puerta principal.<\/li><li><strong><u>Pre Escolar<\/u><\/strong> de ambas jornadas tendr\u00e1n un horario ajustado desde el <strong><u>martes 5 al viernes 8 de marzo<\/u><\/strong>.<\/li><li>Ambas jornadas tendr\u00e1n un horario de clases reducido, <strong><u>solo el d\u00eda martes 5 de marzo<\/u><\/strong><\/li><\/ul>\t\t\t\t\t\t\t\t<\/div>\n\t\t\t\t<\/div>\n\t\t\t\t<div class=\"elementor-element elementor-element-d1dfece elementor-widget elementor-widget-image\" data-id=\"d1dfece\" data-element_type=\"widget\" data-widget_type=\"image.default\">\n\t\t\t\t<div class=\"elementor-widget-container\">\n\t\t\t\t\t\t\t\t\t\t\t\t\t\t\t<img fetchpriority=\"high\" decoding=\"async\" width=\"768\" height=\"477\" src=\"https:\/\/www.respaldoalcantara-alicante.cl\/alcantara-cordillera\/wp-content\/uploads\/sites\/2\/2024\/02\/Captura-de-pantalla-2024-02-28-a-las-10.51.50-768x477.png\" class=\"attachment-medium_large size-medium_large wp-image-20049\" alt=\"\" srcset=\"https:\/\/www.respaldoalcantara-alicante.cl\/alcantara-cordillera\/wp-content\/uploads\/sites\/2\/2024\/02\/Captura-de-pantalla-2024-02-28-a-las-10.51.50-768x477.png 768w, https:\/\/www.respaldoalcantara-alicante.cl\/alcantara-cordillera\/wp-content\/uploads\/sites\/2\/2024\/02\/Captura-de-pantalla-2024-02-28-a-las-10.51.50-300x186.png 300w, https:\/\/www.respaldoalcantara-alicante.cl\/alcantara-cordillera\/wp-content\/uploads\/sites\/2\/2024\/02\/Captura-de-pantalla-2024-02-28-a-las-10.51.50-1024x636.png 1024w, https:\/\/www.respaldoalcantara-alicante.cl\/alcantara-cordillera\/wp-content\/uploads\/sites\/2\/2024\/02\/Captura-de-pantalla-2024-02-28-a-las-10.51.50-700x435.png 700w, https:\/\/www.respaldoalcantara-alicante.cl\/alcantara-cordillera\/wp-content\/uploads\/sites\/2\/2024\/02\/Captura-de-pantalla-2024-02-28-a-las-10.51.50.png 1156w\" sizes=\"(max-width: 768px) 100vw, 768px\" \/>\t\t\t\t\t\t\t\t\t\t\t\t\t\t\t<\/div>\n\t\t\t\t<\/div>\n\t\t\t\t<div class=\"elementor-element elementor-element-126293c elementor-widget elementor-widget-text-editor\" data-id=\"126293c\" data-element_type=\"widget\" data-widget_type=\"text-editor.default\">\n\t\t\t\t<div class=\"elementor-widget-container\">\n\t\t\t\t\t\t\t\t\t<p>Funcionamiento de los portones de entrada y salida de cada jornada en<strong> horario normal.<\/strong><\/p><ul><li>Hora de inicio de cada jornada 8:00 y 13:45 horas, despu\u00e9s de ese horario se considerar\u00e1 atraso.<\/li><li>Las puertas se abrir\u00e1n a las 7:35 horas en la jornada de ma\u00f1ana.<\/li><li>El apoderado de los estudiantes de pre b\u00e1sica y b\u00e1sica deben informar a su profesor\/a jefe por donde ser\u00e1 retirado el estudiante a la salida.<\/li><li>Horario de salida de la jornada de la tarde, 18:45 y 19:30 horas, solo por entrada principal del colegio, no se abrir\u00e1 port\u00f3n de atr\u00e1s.<\/li><\/ul>\t\t\t\t\t\t\t\t<\/div>\n\t\t\t\t<\/div>\n\t\t\t\t\t<\/div>\n\t\t<\/div>\n\t\t\t\t\t<\/div>\n\t\t<\/section>\n\t\t\t\t<section class=\"elementor-section elementor-top-section elementor-element elementor-element-a6af2d7 elementor-section-boxed elementor-section-height-default elementor-section-height-default parallax_section_no qode_elementor_container_no\" data-id=\"a6af2d7\" data-element_type=\"section\" data-settings=\"{&quot;jet_parallax_layout_list&quot;:[],&quot;_ha_eqh_enable&quot;:false}\">\n\t\t\t\t\t\t<div class=\"elementor-container elementor-column-gap-default\">\n\t\t\t\t\t<div class=\"elementor-column elementor-col-100 elementor-top-column elementor-element elementor-element-0ee06ac\" data-id=\"0ee06ac\" data-element_type=\"column\">\n\t\t\t<div class=\"elementor-widget-wrap elementor-element-populated\">\n\t\t\t\t\t\t<div class=\"elementor-element elementor-element-0ba9038 elementor-widget elementor-widget-heading\" data-id=\"0ba9038\" data-element_type=\"widget\" data-widget_type=\"heading.default\">\n\t\t\t\t<div class=\"elementor-widget-container\">\n\t\t\t\t\t<h4 class=\"elementor-heading-title elementor-size-default\">JORNADA DE INDUCCI\u00d3N DE PREK\u00cdNDER A 3\u00b0 B\u00c1SICO<\/h4>\t\t\t\t<\/div>\n\t\t\t\t<\/div>\n\t\t\t\t<div class=\"elementor-element elementor-element-c3f0a00 elementor-widget elementor-widget-text-editor\" data-id=\"c3f0a00\" data-element_type=\"widget\" data-widget_type=\"text-editor.default\">\n\t\t\t\t<div class=\"elementor-widget-container\">\n\t\t\t\t\t\t\t\t\t<p>invitamos a ustedes a participar de las jornadas de bienvenida e inducci\u00f3n organizadas por las coordinaciones acad\u00e9micas y los equipos educativos. Estas jornadas tienen por objetivo promover el conocimiento mutuo y la socializaci\u00f3n de acciones colaborativas para ayudar a la adaptaci\u00f3n de los estudiantes al proceso escolar que est\u00e1n por comenzar, por lo tanto, es muy relevante contar con su presencia y participaci\u00f3n.<\/p><p>Las jornadas se realizar\u00e1n en el CRA, el lunes 4 de marzo de acuerdo a los siguientes horarios:<\/p><ul><li>09:00 horas: Prek\u00ednder y K\u00ednder (Solo alumnos nuevos)<\/li><li>11:00 horas: 1\u00b0 b\u00e1sico A y B.<\/li><li>12:00 horas: 3\u00b0 b\u00e1sico B.<\/li><\/ul><p><strong><u>Nota:<\/u><\/strong> Los apoderados de PK\u00b0 y K\u00b0 deben traer los \u00fatiles escolares el mismo d\u00eda lunes 4, ser\u00e1n recibidos en las salas por las t\u00e9cnicos de cada nivel.<\/p>\t\t\t\t\t\t\t\t<\/div>\n\t\t\t\t<\/div>\n\t\t\t\t\t<\/div>\n\t\t<\/div>\n\t\t\t\t\t<\/div>\n\t\t<\/section>\n\t\t\t\t<section class=\"elementor-section elementor-top-section elementor-element elementor-element-17ba35b elementor-section-boxed elementor-section-height-default elementor-section-height-default parallax_section_no qode_elementor_container_no\" data-id=\"17ba35b\" data-element_type=\"section\" data-settings=\"{&quot;jet_parallax_layout_list&quot;:[],&quot;_ha_eqh_enable&quot;:false}\">\n\t\t\t\t\t\t<div class=\"elementor-container elementor-column-gap-default\">\n\t\t\t\t\t<div class=\"elementor-column elementor-col-100 elementor-top-column elementor-element elementor-element-c357fb3\" data-id=\"c357fb3\" data-element_type=\"column\">\n\t\t\t<div class=\"elementor-widget-wrap elementor-element-populated\">\n\t\t\t\t\t\t<div class=\"elementor-element elementor-element-83b5eb0 elementor-widget elementor-widget-heading\" data-id=\"83b5eb0\" data-element_type=\"widget\" data-widget_type=\"heading.default\">\n\t\t\t\t<div class=\"elementor-widget-container\">\n\t\t\t\t\t<h4 class=\"elementor-heading-title elementor-size-default\">UNIFORME ESCOLAR<\/h4>\t\t\t\t<\/div>\n\t\t\t\t<\/div>\n\t\t\t\t<div class=\"elementor-element elementor-element-2040ba6 elementor-widget elementor-widget-text-editor\" data-id=\"2040ba6\" data-element_type=\"widget\" data-widget_type=\"text-editor.default\">\n\t\t\t\t<div class=\"elementor-widget-container\">\n\t\t\t\t\t\t\t\t\t<p>\u00a0<\/p><p><strong>De Prek\u00ednder a 6\u00b0 b\u00e1sico los estudiantes usar\u00e1n el buzo institucional:<\/strong><\/p><p>*Pantal\u00f3n verde<\/p><p>*<strong><u>Polera institucional blanca con cuello burdeo <\/u><\/strong><\/p><p>*<strong><u>Polera gris solo para clase de Educaci\u00f3n F\u00edsica<\/u><\/strong><\/p><p>*Zapatillas acorde con la actividad f\u00edsica.<\/p><p>\u00a0<\/p><p><strong>De 7\u00b0 b\u00e1sico a IV\u00b0 medio deber\u00e1n usar su uniforme y solo para las clases de Educaci\u00f3n F\u00edsica usar\u00e1n el buzo institucional:<\/strong><\/p><p><strong>\u00a0<\/strong><\/p><p><strong>Uniformes Varones:<\/strong><\/p><p>* Pantal\u00f3n de vestir gris corte recto<\/p><p>* <strong><u>Polera institucional blanca con cuello burdeo <\/u><\/strong><\/p><p>* <strong><u>Polera gris solo para clase de Educaci\u00f3n F\u00edsica<\/u><\/strong><\/p><p>* Sweater institucional\u00a0<\/p><p>* Casaca, polar, chaquet\u00f3n o parka color institucional<\/p><p>* Zapatos negros<\/p><p>\u00a0<\/p><p><strong>Uniformes damas: <\/strong><\/p><p>* Falda gris tableada<\/p><p>* <strong><u>Polera institucional blanca con cuello burdeo <\/u><\/strong><\/p><p>* <strong><u>Polera gris solo para clase de Educaci\u00f3n F\u00edsica<\/u><\/strong><\/p><p>* Sweater institucional<\/p><p>* Casaca, polar, chaquet\u00f3n parka color institucional<\/p><p>* Zapatos negros<\/p><p>\u00a0<\/p><p>Nota:<\/p><p>Solo los estudiantes de IV\u00b0 medio tienen permitido usar el poler\u00f3n que ellos como generaci\u00f3n se mandan hacer cada a\u00f1o, por lo tanto, los dem\u00e1s estudiantes deben cumplir con lo establecido.<\/p>\t\t\t\t\t\t\t\t<\/div>\n\t\t\t\t<\/div>\n\t\t\t\t\t<\/div>\n\t\t<\/div>\n\t\t\t\t\t<\/div>\n\t\t<\/section>\n\t\t\t\t<\/div>\n\t\t","protected":false},"excerpt":{"rendered":"<p>INGRESO 2024 Inicio de a\u00f1o acad\u00e9mico 2024 el d\u00eda martes 5 de marzo. Solo ingresar\u00e1n padres y apoderados de los cursos de Pre Escolar y de 1\u00b0 a 4\u00b0 b\u00e1sico por la puerta principal. Pre Escolar de ambas jornadas tendr\u00e1n un horario ajustado desde el&#8230;<\/p>\n","protected":false},"author":5,"featured_media":20047,"comment_status":"closed","ping_status":"open","sticky":false,"template":"","format":"standard","meta":{"footnotes":""},"categories":[26,38,22],"tags":[],"class_list":["post-20054","post","type-post","status-publish","format-standard","has-post-thumbnail","hentry","category-academicas","category-comunicado","category-destacadas"],"aioseo_notices":[],"_links":{"self":[{"href":"https:\/\/www.respaldoalcantara-alicante.cl\/alcantara-cordillera\/wp-json\/wp\/v2\/posts\/20054","targetHints":{"allow":["GET"]}}],"collection":[{"href":"https:\/\/www.respaldoalcantara-alicante.cl\/alcantara-cordillera\/wp-json\/wp\/v2\/posts"}],"about":[{"href":"https:\/\/www.respaldoalcantara-alicante.cl\/alcantara-cordillera\/wp-json\/wp\/v2\/types\/post"}],"author":[{"embeddable":true,"href":"https:\/\/www.respaldoalcantara-alicante.cl\/alcantara-cordillera\/wp-json\/wp\/v2\/users\/5"}],"replies":[{"embeddable":true,"href":"https:\/\/www.respaldoalcantara-alicante.cl\/alcantara-cordillera\/wp-json\/wp\/v2\/comments?post=20054"}],"version-history":[{"count":1,"href":"https:\/\/www.respaldoalcantara-alicante.cl\/alcantara-cordillera\/wp-json\/wp\/v2\/posts\/20054\/revisions"}],"predecessor-version":[{"id":20055,"href":"https:\/\/www.respaldoalcantara-alicante.cl\/alcantara-cordillera\/wp-json\/wp\/v2\/posts\/20054\/revisions\/20055"}],"wp:featuredmedia":[{"embeddable":true,"href":"https:\/\/www.respaldoalcantara-alicante.cl\/alcantara-cordillera\/wp-json\/wp\/v2\/media\/20047"}],"wp:attachment":[{"href":"https:\/\/www.respaldoalcantara-alicante.cl\/alcantara-cordillera\/wp-json\/wp\/v2\/media?parent=20054"}],"wp:term":[{"taxonomy":"category","embeddable":true,"href":"https:\/\/www.respaldoalcantara-alicante.cl\/alcantara-cordillera\/wp-json\/wp\/v2\/categories?post=20054"},{"taxonomy":"post_tag","embeddable":true,"href":"https:\/\/www.respaldoalcantara-alicante.cl\/alcantara-cordillera\/wp-json\/wp\/v2\/tags?post=20054"}],"curies":[{"name":"wp","href":"https:\/\/api.w.org\/{rel}","templated":true}]}}