{"id":19716,"date":"2023-08-31T16:02:58","date_gmt":"2023-08-31T19:02:58","guid":{"rendered":"https:\/\/www.respaldoalcantara-alicante.cl\/alcantara-cordillera\/?p=19716"},"modified":"2023-08-31T16:03:22","modified_gmt":"2023-08-31T19:03:22","slug":"maqueta-de-vivienda-de-la-antigua-roma","status":"publish","type":"post","link":"https:\/\/www.respaldoalcantara-alicante.cl\/alcantara-cordillera\/2023\/08\/31\/maqueta-de-vivienda-de-la-antigua-roma\/","title":{"rendered":"Maqueta de vivienda de la antigua Roma"},"content":{"rendered":"\t\t<div data-elementor-type=\"wp-post\" data-elementor-id=\"19716\" class=\"elementor elementor-19716\" data-elementor-settings=\"{&quot;ha_cmc_init_switcher&quot;:&quot;no&quot;}\" data-elementor-post-type=\"post\">\n\t\t\t\t\t\t<section class=\"elementor-section elementor-top-section elementor-element elementor-element-fb38b94 elementor-section-boxed elementor-section-height-default elementor-section-height-default parallax_section_no qode_elementor_container_no\" data-id=\"fb38b94\" data-element_type=\"section\" data-settings=\"{&quot;jet_parallax_layout_list&quot;:[],&quot;_ha_eqh_enable&quot;:false}\">\n\t\t\t\t\t\t<div class=\"elementor-container elementor-column-gap-default\">\n\t\t\t\t\t<div class=\"elementor-column elementor-col-100 elementor-top-column elementor-element elementor-element-8afe2a8\" data-id=\"8afe2a8\" data-element_type=\"column\">\n\t\t\t<div class=\"elementor-widget-wrap elementor-element-populated\">\n\t\t\t\t\t\t<div class=\"elementor-element elementor-element-ce76c59 elementor-widget elementor-widget-text-editor\" data-id=\"ce76c59\" data-element_type=\"widget\" data-widget_type=\"text-editor.default\">\n\t\t\t\t<div class=\"elementor-widget-container\">\n\t\t\t\t\t\t\t\t\t<p>Los terceros b\u00e1sicos quisieron plasmar este aprendizaje mediante la confecci\u00f3n y exposici\u00f3n de maquetas representativas de las viviendas de la antigua Roma, dependiendo de sus riquezas y posici\u00f3n social, los antiguos romanos habitaban un tipo de vivienda los Domus o \u00cdnsulas.<\/p>\t\t\t\t\t\t\t\t<\/div>\n\t\t\t\t<\/div>\n\t\t\t\t\t<\/div>\n\t\t<\/div>\n\t\t\t\t\t<\/div>\n\t\t<\/section>\n\t\t\t\t<section class=\"elementor-section elementor-top-section elementor-element elementor-element-485d8bc elementor-section-boxed elementor-section-height-default elementor-section-height-default parallax_section_no qode_elementor_container_no\" data-id=\"485d8bc\" data-element_type=\"section\" data-settings=\"{&quot;jet_parallax_layout_list&quot;:[],&quot;_ha_eqh_enable&quot;:false}\">\n\t\t\t\t\t\t<div class=\"elementor-container elementor-column-gap-default\">\n\t\t\t\t\t<div class=\"elementor-column elementor-col-100 elementor-top-column elementor-element elementor-element-ad7a644\" data-id=\"ad7a644\" data-element_type=\"column\">\n\t\t\t<div class=\"elementor-widget-wrap elementor-element-populated\">\n\t\t\t\t\t\t<div class=\"elementor-element elementor-element-e1932a9 elementor-widget elementor-widget-gallery\" data-id=\"e1932a9\" data-element_type=\"widget\" data-settings=\"{&quot;columns&quot;:5,&quot;lazyload&quot;:&quot;yes&quot;,&quot;gallery_layout&quot;:&quot;grid&quot;,&quot;columns_tablet&quot;:2,&quot;columns_mobile&quot;:1,&quot;gap&quot;:{&quot;unit&quot;:&quot;px&quot;,&quot;size&quot;:10,&quot;sizes&quot;:[]},&quot;gap_tablet&quot;:{&quot;unit&quot;:&quot;px&quot;,&quot;size&quot;:10,&quot;sizes&quot;:[]},&quot;gap_mobile&quot;:{&quot;unit&quot;:&quot;px&quot;,&quot;size&quot;:10,&quot;sizes&quot;:[]},&quot;link_to&quot;:&quot;file&quot;,&quot;aspect_ratio&quot;:&quot;3:2&quot;,&quot;overlay_background&quot;:&quot;yes&quot;,&quot;content_hover_animation&quot;:&quot;fade-in&quot;}\" data-widget_type=\"gallery.default\">\n\t\t\t\t<div class=\"elementor-widget-container\">\n\t\t\t\t\t\t\t<div class=\"elementor-gallery__container\">\n\t\t\t\t\t\t\t<a class=\"e-gallery-item elementor-gallery-item elementor-animated-content\" href=\"https:\/\/www.respaldoalcantara-alicante.cl\/alcantara-cordillera\/wp-content\/uploads\/sites\/2\/2023\/08\/maquetas_roma1.jpeg\" data-elementor-open-lightbox=\"yes\" data-elementor-lightbox-slideshow=\"e1932a9\" data-elementor-lightbox-title=\"maquetas_roma1\" data-e-action-hash=\"#elementor-action%3Aaction%3Dlightbox%26settings%3DeyJpZCI6MTk3MTksInVybCI6Imh0dHBzOlwvXC93d3cucmVzcGFsZG9hbGNhbnRhcmEtYWxpY2FudGUuY2xcL2FsY2FudGFyYS1jb3JkaWxsZXJhXC93cC1jb250ZW50XC91cGxvYWRzXC9zaXRlc1wvMlwvMjAyM1wvMDhcL21hcXVldGFzX3JvbWExLmpwZWciLCJzbGlkZXNob3ciOiJlMTkzMmE5In0%3D\">\n\t\t\t\t\t<div class=\"e-gallery-image elementor-gallery-item__image\" data-thumbnail=\"https:\/\/www.respaldoalcantara-alicante.cl\/alcantara-cordillera\/wp-content\/uploads\/sites\/2\/2023\/08\/maquetas_roma1-300x225.jpeg\" data-width=\"300\" data-height=\"225\" aria-label=\"\" role=\"img\" ><\/div>\n\t\t\t\t\t\t\t\t\t\t\t<div class=\"elementor-gallery-item__overlay\"><\/div>\n\t\t\t\t\t\t\t\t\t\t\t\t\t\t<\/a>\n\t\t\t\t\t\t\t<a class=\"e-gallery-item elementor-gallery-item elementor-animated-content\" href=\"https:\/\/www.respaldoalcantara-alicante.cl\/alcantara-cordillera\/wp-content\/uploads\/sites\/2\/2023\/08\/maquetas_roma2.jpeg\" data-elementor-open-lightbox=\"yes\" data-elementor-lightbox-slideshow=\"e1932a9\" data-elementor-lightbox-title=\"maquetas_roma2\" data-e-action-hash=\"#elementor-action%3Aaction%3Dlightbox%26settings%3DeyJpZCI6MTk3MjAsInVybCI6Imh0dHBzOlwvXC93d3cucmVzcGFsZG9hbGNhbnRhcmEtYWxpY2FudGUuY2xcL2FsY2FudGFyYS1jb3JkaWxsZXJhXC93cC1jb250ZW50XC91cGxvYWRzXC9zaXRlc1wvMlwvMjAyM1wvMDhcL21hcXVldGFzX3JvbWEyLmpwZWciLCJzbGlkZXNob3ciOiJlMTkzMmE5In0%3D\">\n\t\t\t\t\t<div class=\"e-gallery-image elementor-gallery-item__image\" data-thumbnail=\"https:\/\/www.respaldoalcantara-alicante.cl\/alcantara-cordillera\/wp-content\/uploads\/sites\/2\/2023\/08\/maquetas_roma2-300x225.jpeg\" data-width=\"300\" data-height=\"225\" aria-label=\"\" role=\"img\" ><\/div>\n\t\t\t\t\t\t\t\t\t\t\t<div class=\"elementor-gallery-item__overlay\"><\/div>\n\t\t\t\t\t\t\t\t\t\t\t\t\t\t<\/a>\n\t\t\t\t\t\t\t<a class=\"e-gallery-item elementor-gallery-item elementor-animated-content\" href=\"https:\/\/www.respaldoalcantara-alicante.cl\/alcantara-cordillera\/wp-content\/uploads\/sites\/2\/2023\/08\/maquetas_roma3.jpeg\" data-elementor-open-lightbox=\"yes\" data-elementor-lightbox-slideshow=\"e1932a9\" data-elementor-lightbox-title=\"maquetas_roma3\" data-e-action-hash=\"#elementor-action%3Aaction%3Dlightbox%26settings%3DeyJpZCI6MTk3MjEsInVybCI6Imh0dHBzOlwvXC93d3cucmVzcGFsZG9hbGNhbnRhcmEtYWxpY2FudGUuY2xcL2FsY2FudGFyYS1jb3JkaWxsZXJhXC93cC1jb250ZW50XC91cGxvYWRzXC9zaXRlc1wvMlwvMjAyM1wvMDhcL21hcXVldGFzX3JvbWEzLmpwZWciLCJzbGlkZXNob3ciOiJlMTkzMmE5In0%3D\">\n\t\t\t\t\t<div class=\"e-gallery-image elementor-gallery-item__image\" data-thumbnail=\"https:\/\/www.respaldoalcantara-alicante.cl\/alcantara-cordillera\/wp-content\/uploads\/sites\/2\/2023\/08\/maquetas_roma3-300x225.jpeg\" data-width=\"300\" data-height=\"225\" aria-label=\"\" role=\"img\" ><\/div>\n\t\t\t\t\t\t\t\t\t\t\t<div class=\"elementor-gallery-item__overlay\"><\/div>\n\t\t\t\t\t\t\t\t\t\t\t\t\t\t<\/a>\n\t\t\t\t\t\t\t<a class=\"e-gallery-item elementor-gallery-item elementor-animated-content\" href=\"https:\/\/www.respaldoalcantara-alicante.cl\/alcantara-cordillera\/wp-content\/uploads\/sites\/2\/2023\/08\/maquetas_roma4.jpeg\" data-elementor-open-lightbox=\"yes\" data-elementor-lightbox-slideshow=\"e1932a9\" data-elementor-lightbox-title=\"maquetas_roma4\" data-e-action-hash=\"#elementor-action%3Aaction%3Dlightbox%26settings%3DeyJpZCI6MTk3MjIsInVybCI6Imh0dHBzOlwvXC93d3cucmVzcGFsZG9hbGNhbnRhcmEtYWxpY2FudGUuY2xcL2FsY2FudGFyYS1jb3JkaWxsZXJhXC93cC1jb250ZW50XC91cGxvYWRzXC9zaXRlc1wvMlwvMjAyM1wvMDhcL21hcXVldGFzX3JvbWE0LmpwZWciLCJzbGlkZXNob3ciOiJlMTkzMmE5In0%3D\">\n\t\t\t\t\t<div class=\"e-gallery-image elementor-gallery-item__image\" data-thumbnail=\"https:\/\/www.respaldoalcantara-alicante.cl\/alcantara-cordillera\/wp-content\/uploads\/sites\/2\/2023\/08\/maquetas_roma4-300x225.jpeg\" data-width=\"300\" data-height=\"225\" aria-label=\"\" role=\"img\" ><\/div>\n\t\t\t\t\t\t\t\t\t\t\t<div class=\"elementor-gallery-item__overlay\"><\/div>\n\t\t\t\t\t\t\t\t\t\t\t\t\t\t<\/a>\n\t\t\t\t\t\t\t<a class=\"e-gallery-item elementor-gallery-item elementor-animated-content\" href=\"https:\/\/www.respaldoalcantara-alicante.cl\/alcantara-cordillera\/wp-content\/uploads\/sites\/2\/2023\/08\/maquetas_roma5.jpeg\" data-elementor-open-lightbox=\"yes\" data-elementor-lightbox-slideshow=\"e1932a9\" data-elementor-lightbox-title=\"maquetas_roma5\" data-e-action-hash=\"#elementor-action%3Aaction%3Dlightbox%26settings%3DeyJpZCI6MTk3MjMsInVybCI6Imh0dHBzOlwvXC93d3cucmVzcGFsZG9hbGNhbnRhcmEtYWxpY2FudGUuY2xcL2FsY2FudGFyYS1jb3JkaWxsZXJhXC93cC1jb250ZW50XC91cGxvYWRzXC9zaXRlc1wvMlwvMjAyM1wvMDhcL21hcXVldGFzX3JvbWE1LmpwZWciLCJzbGlkZXNob3ciOiJlMTkzMmE5In0%3D\">\n\t\t\t\t\t<div class=\"e-gallery-image elementor-gallery-item__image\" data-thumbnail=\"https:\/\/www.respaldoalcantara-alicante.cl\/alcantara-cordillera\/wp-content\/uploads\/sites\/2\/2023\/08\/maquetas_roma5-300x225.jpeg\" data-width=\"300\" data-height=\"225\" aria-label=\"\" role=\"img\" ><\/div>\n\t\t\t\t\t\t\t\t\t\t\t<div class=\"elementor-gallery-item__overlay\"><\/div>\n\t\t\t\t\t\t\t\t\t\t\t\t\t\t<\/a>\n\t\t\t\t\t<\/div>\n\t\t\t\t\t<\/div>\n\t\t\t\t<\/div>\n\t\t\t\t\t<\/div>\n\t\t<\/div>\n\t\t\t\t\t<\/div>\n\t\t<\/section>\n\t\t\t\t<\/div>\n\t\t","protected":false},"excerpt":{"rendered":"<p>Los terceros b\u00e1sicos quisieron plasmar este aprendizaje mediante la confecci\u00f3n y exposici\u00f3n de maquetas representativas de las viviendas de la antigua Roma, dependiendo de sus riquezas y posici\u00f3n social, los antiguos romanos habitaban un tipo de vivienda los Domus o \u00cdnsulas.<\/p>\n","protected":false},"author":5,"featured_media":19717,"comment_status":"closed","ping_status":"open","sticky":false,"template":"","format":"standard","meta":{"footnotes":""},"categories":[26,22],"tags":[],"class_list":["post-19716","post","type-post","status-publish","format-standard","has-post-thumbnail","hentry","category-academicas","category-destacadas"],"aioseo_notices":[],"_links":{"self":[{"href":"https:\/\/www.respaldoalcantara-alicante.cl\/alcantara-cordillera\/wp-json\/wp\/v2\/posts\/19716","targetHints":{"allow":["GET"]}}],"collection":[{"href":"https:\/\/www.respaldoalcantara-alicante.cl\/alcantara-cordillera\/wp-json\/wp\/v2\/posts"}],"about":[{"href":"https:\/\/www.respaldoalcantara-alicante.cl\/alcantara-cordillera\/wp-json\/wp\/v2\/types\/post"}],"author":[{"embeddable":true,"href":"https:\/\/www.respaldoalcantara-alicante.cl\/alcantara-cordillera\/wp-json\/wp\/v2\/users\/5"}],"replies":[{"embeddable":true,"href":"https:\/\/www.respaldoalcantara-alicante.cl\/alcantara-cordillera\/wp-json\/wp\/v2\/comments?post=19716"}],"version-history":[{"count":4,"href":"https:\/\/www.respaldoalcantara-alicante.cl\/alcantara-cordillera\/wp-json\/wp\/v2\/posts\/19716\/revisions"}],"predecessor-version":[{"id":19726,"href":"https:\/\/www.respaldoalcantara-alicante.cl\/alcantara-cordillera\/wp-json\/wp\/v2\/posts\/19716\/revisions\/19726"}],"wp:featuredmedia":[{"embeddable":true,"href":"https:\/\/www.respaldoalcantara-alicante.cl\/alcantara-cordillera\/wp-json\/wp\/v2\/media\/19717"}],"wp:attachment":[{"href":"https:\/\/www.respaldoalcantara-alicante.cl\/alcantara-cordillera\/wp-json\/wp\/v2\/media?parent=19716"}],"wp:term":[{"taxonomy":"category","embeddable":true,"href":"https:\/\/www.respaldoalcantara-alicante.cl\/alcantara-cordillera\/wp-json\/wp\/v2\/categories?post=19716"},{"taxonomy":"post_tag","embeddable":true,"href":"https:\/\/www.respaldoalcantara-alicante.cl\/alcantara-cordillera\/wp-json\/wp\/v2\/tags?post=19716"}],"curies":[{"name":"wp","href":"https:\/\/api.w.org\/{rel}","templated":true}]}}