{"id":19394,"date":"2023-03-30T11:51:32","date_gmt":"2023-03-30T14:51:32","guid":{"rendered":"https:\/\/www.respaldoalcantara-alicante.cl\/alcantara-cordillera\/?p=19394"},"modified":"2023-03-30T11:52:21","modified_gmt":"2023-03-30T14:52:21","slug":"apadrinamiento-a-ninas-y-ninos-de-kinder","status":"publish","type":"post","link":"https:\/\/www.respaldoalcantara-alicante.cl\/alcantara-cordillera\/2023\/03\/30\/apadrinamiento-a-ninas-y-ninos-de-kinder\/","title":{"rendered":"Apadrinamiento a ni\u00f1as y ni\u00f1os de K\u00ednder"},"content":{"rendered":"\t\t<div data-elementor-type=\"wp-post\" data-elementor-id=\"19394\" class=\"elementor elementor-19394\" data-elementor-settings=\"{&quot;ha_cmc_init_switcher&quot;:&quot;no&quot;}\" data-elementor-post-type=\"post\">\n\t\t\t\t\t\t<section class=\"elementor-section elementor-top-section elementor-element elementor-element-bbc8209 elementor-section-boxed elementor-section-height-default elementor-section-height-default parallax_section_no qode_elementor_container_no\" data-id=\"bbc8209\" data-element_type=\"section\" data-settings=\"{&quot;jet_parallax_layout_list&quot;:[],&quot;_ha_eqh_enable&quot;:false}\">\n\t\t\t\t\t\t<div class=\"elementor-container elementor-column-gap-default\">\n\t\t\t\t\t<div class=\"elementor-column elementor-col-100 elementor-top-column elementor-element elementor-element-a26238d\" data-id=\"a26238d\" data-element_type=\"column\">\n\t\t\t<div class=\"elementor-widget-wrap elementor-element-populated\">\n\t\t\t\t\t\t<div class=\"elementor-element elementor-element-ca1b37b elementor-widget elementor-widget-text-editor\" data-id=\"ca1b37b\" data-element_type=\"widget\" data-widget_type=\"text-editor.default\">\n\t\t\t\t<div class=\"elementor-widget-container\">\n\t\t\t\t\t\t\t\t\t<div class=\"x_elementToProof\">Esta actividad es la inicial del proceso de Apadrinamiento de nuestros 4\u00b0 medios a nuestros K\u00ednder, en que los estudiantes m\u00e1s peque\u00f1os fueron a visitar a sus compa\u00f1eros m\u00e1s grandes a su sala.<\/div><div class=\"x_elementToProof\">\u00a0<\/div>\t\t\t\t\t\t\t\t<\/div>\n\t\t\t\t<\/div>\n\t\t\t\t\t<\/div>\n\t\t<\/div>\n\t\t\t\t\t<\/div>\n\t\t<\/section>\n\t\t\t\t<section class=\"elementor-section elementor-top-section elementor-element elementor-element-397d877 elementor-section-boxed elementor-section-height-default elementor-section-height-default parallax_section_no qode_elementor_container_no\" data-id=\"397d877\" data-element_type=\"section\" data-settings=\"{&quot;jet_parallax_layout_list&quot;:[],&quot;_ha_eqh_enable&quot;:false}\">\n\t\t\t\t\t\t<div class=\"elementor-container elementor-column-gap-default\">\n\t\t\t\t\t<div class=\"elementor-column elementor-col-100 elementor-top-column elementor-element elementor-element-93746bf\" data-id=\"93746bf\" data-element_type=\"column\">\n\t\t\t<div class=\"elementor-widget-wrap elementor-element-populated\">\n\t\t\t\t\t\t<div class=\"elementor-element elementor-element-34d3abc elementor-widget elementor-widget-gallery\" data-id=\"34d3abc\" data-element_type=\"widget\" data-settings=\"{&quot;columns&quot;:5,&quot;lazyload&quot;:&quot;yes&quot;,&quot;gallery_layout&quot;:&quot;grid&quot;,&quot;columns_tablet&quot;:2,&quot;columns_mobile&quot;:1,&quot;gap&quot;:{&quot;unit&quot;:&quot;px&quot;,&quot;size&quot;:10,&quot;sizes&quot;:[]},&quot;gap_tablet&quot;:{&quot;unit&quot;:&quot;px&quot;,&quot;size&quot;:10,&quot;sizes&quot;:[]},&quot;gap_mobile&quot;:{&quot;unit&quot;:&quot;px&quot;,&quot;size&quot;:10,&quot;sizes&quot;:[]},&quot;link_to&quot;:&quot;file&quot;,&quot;aspect_ratio&quot;:&quot;3:2&quot;,&quot;overlay_background&quot;:&quot;yes&quot;,&quot;content_hover_animation&quot;:&quot;fade-in&quot;}\" data-widget_type=\"gallery.default\">\n\t\t\t\t<div class=\"elementor-widget-container\">\n\t\t\t\t\t\t\t<div class=\"elementor-gallery__container\">\n\t\t\t\t\t\t\t<a class=\"e-gallery-item elementor-gallery-item elementor-animated-content\" href=\"https:\/\/www.respaldoalcantara-alicante.cl\/alcantara-cordillera\/wp-content\/uploads\/sites\/2\/2023\/03\/01.jpg\" data-elementor-open-lightbox=\"yes\" data-elementor-lightbox-slideshow=\"34d3abc\" data-elementor-lightbox-title=\"01\" data-e-action-hash=\"#elementor-action%3Aaction%3Dlightbox%26settings%3DeyJpZCI6MTkzOTcsInVybCI6Imh0dHBzOlwvXC93d3cucmVzcGFsZG9hbGNhbnRhcmEtYWxpY2FudGUuY2xcL2FsY2FudGFyYS1jb3JkaWxsZXJhXC93cC1jb250ZW50XC91cGxvYWRzXC9zaXRlc1wvMlwvMjAyM1wvMDNcLzAxLmpwZyIsInNsaWRlc2hvdyI6IjM0ZDNhYmMifQ%3D%3D\">\n\t\t\t\t\t<div class=\"e-gallery-image elementor-gallery-item__image\" data-thumbnail=\"https:\/\/www.respaldoalcantara-alicante.cl\/alcantara-cordillera\/wp-content\/uploads\/sites\/2\/2023\/03\/01-300x136.jpg\" data-width=\"300\" data-height=\"136\" aria-label=\"\" role=\"img\" ><\/div>\n\t\t\t\t\t\t\t\t\t\t\t<div class=\"elementor-gallery-item__overlay\"><\/div>\n\t\t\t\t\t\t\t\t\t\t\t\t\t\t<\/a>\n\t\t\t\t\t\t\t<a class=\"e-gallery-item elementor-gallery-item elementor-animated-content\" href=\"https:\/\/www.respaldoalcantara-alicante.cl\/alcantara-cordillera\/wp-content\/uploads\/sites\/2\/2023\/03\/02.jpg\" data-elementor-open-lightbox=\"yes\" data-elementor-lightbox-slideshow=\"34d3abc\" data-elementor-lightbox-title=\"02\" data-e-action-hash=\"#elementor-action%3Aaction%3Dlightbox%26settings%3DeyJpZCI6MTkzOTgsInVybCI6Imh0dHBzOlwvXC93d3cucmVzcGFsZG9hbGNhbnRhcmEtYWxpY2FudGUuY2xcL2FsY2FudGFyYS1jb3JkaWxsZXJhXC93cC1jb250ZW50XC91cGxvYWRzXC9zaXRlc1wvMlwvMjAyM1wvMDNcLzAyLmpwZyIsInNsaWRlc2hvdyI6IjM0ZDNhYmMifQ%3D%3D\">\n\t\t\t\t\t<div class=\"e-gallery-image elementor-gallery-item__image\" data-thumbnail=\"https:\/\/www.respaldoalcantara-alicante.cl\/alcantara-cordillera\/wp-content\/uploads\/sites\/2\/2023\/03\/02-300x138.jpg\" data-width=\"300\" data-height=\"138\" aria-label=\"\" role=\"img\" ><\/div>\n\t\t\t\t\t\t\t\t\t\t\t<div class=\"elementor-gallery-item__overlay\"><\/div>\n\t\t\t\t\t\t\t\t\t\t\t\t\t\t<\/a>\n\t\t\t\t\t\t\t<a class=\"e-gallery-item elementor-gallery-item elementor-animated-content\" href=\"https:\/\/www.respaldoalcantara-alicante.cl\/alcantara-cordillera\/wp-content\/uploads\/sites\/2\/2023\/03\/03.jpg\" data-elementor-open-lightbox=\"yes\" data-elementor-lightbox-slideshow=\"34d3abc\" data-elementor-lightbox-title=\"03\" data-e-action-hash=\"#elementor-action%3Aaction%3Dlightbox%26settings%3DeyJpZCI6MTkzOTksInVybCI6Imh0dHBzOlwvXC93d3cucmVzcGFsZG9hbGNhbnRhcmEtYWxpY2FudGUuY2xcL2FsY2FudGFyYS1jb3JkaWxsZXJhXC93cC1jb250ZW50XC91cGxvYWRzXC9zaXRlc1wvMlwvMjAyM1wvMDNcLzAzLmpwZyIsInNsaWRlc2hvdyI6IjM0ZDNhYmMifQ%3D%3D\">\n\t\t\t\t\t<div class=\"e-gallery-image elementor-gallery-item__image\" data-thumbnail=\"https:\/\/www.respaldoalcantara-alicante.cl\/alcantara-cordillera\/wp-content\/uploads\/sites\/2\/2023\/03\/03-300x224.jpg\" data-width=\"300\" data-height=\"224\" aria-label=\"\" role=\"img\" ><\/div>\n\t\t\t\t\t\t\t\t\t\t\t<div class=\"elementor-gallery-item__overlay\"><\/div>\n\t\t\t\t\t\t\t\t\t\t\t\t\t\t<\/a>\n\t\t\t\t\t\t\t<a class=\"e-gallery-item elementor-gallery-item elementor-animated-content\" href=\"https:\/\/www.respaldoalcantara-alicante.cl\/alcantara-cordillera\/wp-content\/uploads\/sites\/2\/2023\/03\/04.jpg\" data-elementor-open-lightbox=\"yes\" data-elementor-lightbox-slideshow=\"34d3abc\" data-elementor-lightbox-title=\"04\" data-e-action-hash=\"#elementor-action%3Aaction%3Dlightbox%26settings%3DeyJpZCI6MTk0MDAsInVybCI6Imh0dHBzOlwvXC93d3cucmVzcGFsZG9hbGNhbnRhcmEtYWxpY2FudGUuY2xcL2FsY2FudGFyYS1jb3JkaWxsZXJhXC93cC1jb250ZW50XC91cGxvYWRzXC9zaXRlc1wvMlwvMjAyM1wvMDNcLzA0LmpwZyIsInNsaWRlc2hvdyI6IjM0ZDNhYmMifQ%3D%3D\">\n\t\t\t\t\t<div class=\"e-gallery-image elementor-gallery-item__image\" data-thumbnail=\"https:\/\/www.respaldoalcantara-alicante.cl\/alcantara-cordillera\/wp-content\/uploads\/sites\/2\/2023\/03\/04-300x138.jpg\" data-width=\"300\" data-height=\"138\" aria-label=\"\" role=\"img\" ><\/div>\n\t\t\t\t\t\t\t\t\t\t\t<div class=\"elementor-gallery-item__overlay\"><\/div>\n\t\t\t\t\t\t\t\t\t\t\t\t\t\t<\/a>\n\t\t\t\t\t\t\t<a class=\"e-gallery-item elementor-gallery-item elementor-animated-content\" href=\"https:\/\/www.respaldoalcantara-alicante.cl\/alcantara-cordillera\/wp-content\/uploads\/sites\/2\/2023\/03\/06.jpg\" data-elementor-open-lightbox=\"yes\" data-elementor-lightbox-slideshow=\"34d3abc\" data-elementor-lightbox-title=\"06\" data-e-action-hash=\"#elementor-action%3Aaction%3Dlightbox%26settings%3DeyJpZCI6MTk0MDEsInVybCI6Imh0dHBzOlwvXC93d3cucmVzcGFsZG9hbGNhbnRhcmEtYWxpY2FudGUuY2xcL2FsY2FudGFyYS1jb3JkaWxsZXJhXC93cC1jb250ZW50XC91cGxvYWRzXC9zaXRlc1wvMlwvMjAyM1wvMDNcLzA2LmpwZyIsInNsaWRlc2hvdyI6IjM0ZDNhYmMifQ%3D%3D\">\n\t\t\t\t\t<div class=\"e-gallery-image elementor-gallery-item__image\" data-thumbnail=\"https:\/\/www.respaldoalcantara-alicante.cl\/alcantara-cordillera\/wp-content\/uploads\/sites\/2\/2023\/03\/06-300x223.jpg\" data-width=\"300\" data-height=\"223\" aria-label=\"\" role=\"img\" ><\/div>\n\t\t\t\t\t\t\t\t\t\t\t<div class=\"elementor-gallery-item__overlay\"><\/div>\n\t\t\t\t\t\t\t\t\t\t\t\t\t\t<\/a>\n\t\t\t\t\t\t\t<a class=\"e-gallery-item elementor-gallery-item elementor-animated-content\" href=\"https:\/\/www.respaldoalcantara-alicante.cl\/alcantara-cordillera\/wp-content\/uploads\/sites\/2\/2023\/03\/07.jpg\" data-elementor-open-lightbox=\"yes\" data-elementor-lightbox-slideshow=\"34d3abc\" data-elementor-lightbox-title=\"07\" data-e-action-hash=\"#elementor-action%3Aaction%3Dlightbox%26settings%3DeyJpZCI6MTk0MDIsInVybCI6Imh0dHBzOlwvXC93d3cucmVzcGFsZG9hbGNhbnRhcmEtYWxpY2FudGUuY2xcL2FsY2FudGFyYS1jb3JkaWxsZXJhXC93cC1jb250ZW50XC91cGxvYWRzXC9zaXRlc1wvMlwvMjAyM1wvMDNcLzA3LmpwZyIsInNsaWRlc2hvdyI6IjM0ZDNhYmMifQ%3D%3D\">\n\t\t\t\t\t<div class=\"e-gallery-image elementor-gallery-item__image\" data-thumbnail=\"https:\/\/www.respaldoalcantara-alicante.cl\/alcantara-cordillera\/wp-content\/uploads\/sites\/2\/2023\/03\/07-300x222.jpg\" data-width=\"300\" data-height=\"222\" aria-label=\"\" role=\"img\" ><\/div>\n\t\t\t\t\t\t\t\t\t\t\t<div class=\"elementor-gallery-item__overlay\"><\/div>\n\t\t\t\t\t\t\t\t\t\t\t\t\t\t<\/a>\n\t\t\t\t\t\t\t<a class=\"e-gallery-item elementor-gallery-item elementor-animated-content\" href=\"https:\/\/www.respaldoalcantara-alicante.cl\/alcantara-cordillera\/wp-content\/uploads\/sites\/2\/2023\/03\/08.jpg\" data-elementor-open-lightbox=\"yes\" data-elementor-lightbox-slideshow=\"34d3abc\" data-elementor-lightbox-title=\"08\" data-e-action-hash=\"#elementor-action%3Aaction%3Dlightbox%26settings%3DeyJpZCI6MTk0MDMsInVybCI6Imh0dHBzOlwvXC93d3cucmVzcGFsZG9hbGNhbnRhcmEtYWxpY2FudGUuY2xcL2FsY2FudGFyYS1jb3JkaWxsZXJhXC93cC1jb250ZW50XC91cGxvYWRzXC9zaXRlc1wvMlwvMjAyM1wvMDNcLzA4LmpwZyIsInNsaWRlc2hvdyI6IjM0ZDNhYmMifQ%3D%3D\">\n\t\t\t\t\t<div class=\"e-gallery-image elementor-gallery-item__image\" data-thumbnail=\"https:\/\/www.respaldoalcantara-alicante.cl\/alcantara-cordillera\/wp-content\/uploads\/sites\/2\/2023\/03\/08-300x221.jpg\" data-width=\"300\" data-height=\"221\" aria-label=\"\" role=\"img\" ><\/div>\n\t\t\t\t\t\t\t\t\t\t\t<div class=\"elementor-gallery-item__overlay\"><\/div>\n\t\t\t\t\t\t\t\t\t\t\t\t\t\t<\/a>\n\t\t\t\t\t\t\t<a class=\"e-gallery-item elementor-gallery-item elementor-animated-content\" href=\"https:\/\/www.respaldoalcantara-alicante.cl\/alcantara-cordillera\/wp-content\/uploads\/sites\/2\/2023\/03\/09.jpg\" data-elementor-open-lightbox=\"yes\" data-elementor-lightbox-slideshow=\"34d3abc\" data-elementor-lightbox-title=\"09\" data-e-action-hash=\"#elementor-action%3Aaction%3Dlightbox%26settings%3DeyJpZCI6MTk0MDQsInVybCI6Imh0dHBzOlwvXC93d3cucmVzcGFsZG9hbGNhbnRhcmEtYWxpY2FudGUuY2xcL2FsY2FudGFyYS1jb3JkaWxsZXJhXC93cC1jb250ZW50XC91cGxvYWRzXC9zaXRlc1wvMlwvMjAyM1wvMDNcLzA5LmpwZyIsInNsaWRlc2hvdyI6IjM0ZDNhYmMifQ%3D%3D\">\n\t\t\t\t\t<div class=\"e-gallery-image elementor-gallery-item__image\" data-thumbnail=\"https:\/\/www.respaldoalcantara-alicante.cl\/alcantara-cordillera\/wp-content\/uploads\/sites\/2\/2023\/03\/09-300x240.jpg\" data-width=\"300\" data-height=\"240\" aria-label=\"\" role=\"img\" ><\/div>\n\t\t\t\t\t\t\t\t\t\t\t<div class=\"elementor-gallery-item__overlay\"><\/div>\n\t\t\t\t\t\t\t\t\t\t\t\t\t\t<\/a>\n\t\t\t\t\t\t\t<a class=\"e-gallery-item elementor-gallery-item elementor-animated-content\" href=\"https:\/\/www.respaldoalcantara-alicante.cl\/alcantara-cordillera\/wp-content\/uploads\/sites\/2\/2023\/03\/10.jpg\" data-elementor-open-lightbox=\"yes\" data-elementor-lightbox-slideshow=\"34d3abc\" data-elementor-lightbox-title=\"10\" data-e-action-hash=\"#elementor-action%3Aaction%3Dlightbox%26settings%3DeyJpZCI6MTk0MDUsInVybCI6Imh0dHBzOlwvXC93d3cucmVzcGFsZG9hbGNhbnRhcmEtYWxpY2FudGUuY2xcL2FsY2FudGFyYS1jb3JkaWxsZXJhXC93cC1jb250ZW50XC91cGxvYWRzXC9zaXRlc1wvMlwvMjAyM1wvMDNcLzEwLmpwZyIsInNsaWRlc2hvdyI6IjM0ZDNhYmMifQ%3D%3D\">\n\t\t\t\t\t<div class=\"e-gallery-image elementor-gallery-item__image\" data-thumbnail=\"https:\/\/www.respaldoalcantara-alicante.cl\/alcantara-cordillera\/wp-content\/uploads\/sites\/2\/2023\/03\/10-300x136.jpg\" data-width=\"300\" data-height=\"136\" aria-label=\"\" role=\"img\" ><\/div>\n\t\t\t\t\t\t\t\t\t\t\t<div class=\"elementor-gallery-item__overlay\"><\/div>\n\t\t\t\t\t\t\t\t\t\t\t\t\t\t<\/a>\n\t\t\t\t\t\t\t<a class=\"e-gallery-item elementor-gallery-item elementor-animated-content\" href=\"https:\/\/www.respaldoalcantara-alicante.cl\/alcantara-cordillera\/wp-content\/uploads\/sites\/2\/2023\/03\/11.jpg\" data-elementor-open-lightbox=\"yes\" data-elementor-lightbox-slideshow=\"34d3abc\" data-elementor-lightbox-title=\"11\" data-e-action-hash=\"#elementor-action%3Aaction%3Dlightbox%26settings%3DeyJpZCI6MTk0MDYsInVybCI6Imh0dHBzOlwvXC93d3cucmVzcGFsZG9hbGNhbnRhcmEtYWxpY2FudGUuY2xcL2FsY2FudGFyYS1jb3JkaWxsZXJhXC93cC1jb250ZW50XC91cGxvYWRzXC9zaXRlc1wvMlwvMjAyM1wvMDNcLzExLmpwZyIsInNsaWRlc2hvdyI6IjM0ZDNhYmMifQ%3D%3D\">\n\t\t\t\t\t<div class=\"e-gallery-image elementor-gallery-item__image\" data-thumbnail=\"https:\/\/www.respaldoalcantara-alicante.cl\/alcantara-cordillera\/wp-content\/uploads\/sites\/2\/2023\/03\/11-300x138.jpg\" data-width=\"300\" data-height=\"138\" aria-label=\"\" role=\"img\" ><\/div>\n\t\t\t\t\t\t\t\t\t\t\t<div class=\"elementor-gallery-item__overlay\"><\/div>\n\t\t\t\t\t\t\t\t\t\t\t\t\t\t<\/a>\n\t\t\t\t\t<\/div>\n\t\t\t\t\t<\/div>\n\t\t\t\t<\/div>\n\t\t\t\t\t<\/div>\n\t\t<\/div>\n\t\t\t\t\t<\/div>\n\t\t<\/section>\n\t\t\t\t<\/div>\n\t\t","protected":false},"excerpt":{"rendered":"<p>Esta actividad es la inicial del proceso de Apadrinamiento de nuestros 4\u00b0 medios a nuestros K\u00ednder, en que los estudiantes m\u00e1s peque\u00f1os fueron a visitar a sus compa\u00f1eros m\u00e1s grandes a su sala.\u00a0<\/p>\n","protected":false},"author":5,"featured_media":19395,"comment_status":"closed","ping_status":"open","sticky":false,"template":"","format":"standard","meta":{"footnotes":""},"categories":[32,22],"tags":[],"class_list":["post-19394","post","type-post","status-publish","format-standard","has-post-thumbnail","hentry","category-convivencia-escolar","category-destacadas"],"aioseo_notices":[],"_links":{"self":[{"href":"https:\/\/www.respaldoalcantara-alicante.cl\/alcantara-cordillera\/wp-json\/wp\/v2\/posts\/19394","targetHints":{"allow":["GET"]}}],"collection":[{"href":"https:\/\/www.respaldoalcantara-alicante.cl\/alcantara-cordillera\/wp-json\/wp\/v2\/posts"}],"about":[{"href":"https:\/\/www.respaldoalcantara-alicante.cl\/alcantara-cordillera\/wp-json\/wp\/v2\/types\/post"}],"author":[{"embeddable":true,"href":"https:\/\/www.respaldoalcantara-alicante.cl\/alcantara-cordillera\/wp-json\/wp\/v2\/users\/5"}],"replies":[{"embeddable":true,"href":"https:\/\/www.respaldoalcantara-alicante.cl\/alcantara-cordillera\/wp-json\/wp\/v2\/comments?post=19394"}],"version-history":[{"count":4,"href":"https:\/\/www.respaldoalcantara-alicante.cl\/alcantara-cordillera\/wp-json\/wp\/v2\/posts\/19394\/revisions"}],"predecessor-version":[{"id":19409,"href":"https:\/\/www.respaldoalcantara-alicante.cl\/alcantara-cordillera\/wp-json\/wp\/v2\/posts\/19394\/revisions\/19409"}],"wp:featuredmedia":[{"embeddable":true,"href":"https:\/\/www.respaldoalcantara-alicante.cl\/alcantara-cordillera\/wp-json\/wp\/v2\/media\/19395"}],"wp:attachment":[{"href":"https:\/\/www.respaldoalcantara-alicante.cl\/alcantara-cordillera\/wp-json\/wp\/v2\/media?parent=19394"}],"wp:term":[{"taxonomy":"category","embeddable":true,"href":"https:\/\/www.respaldoalcantara-alicante.cl\/alcantara-cordillera\/wp-json\/wp\/v2\/categories?post=19394"},{"taxonomy":"post_tag","embeddable":true,"href":"https:\/\/www.respaldoalcantara-alicante.cl\/alcantara-cordillera\/wp-json\/wp\/v2\/tags?post=19394"}],"curies":[{"name":"wp","href":"https:\/\/api.w.org\/{rel}","templated":true}]}}