{"id":19286,"date":"2023-02-23T14:34:16","date_gmt":"2023-02-23T17:34:16","guid":{"rendered":"https:\/\/www.respaldoalcantara-alicante.cl\/alcantara-cordillera\/?p=19286"},"modified":"2023-03-03T11:24:01","modified_gmt":"2023-03-03T14:24:01","slug":"informacion-importante-inicio-de-clases-2023","status":"publish","type":"post","link":"https:\/\/www.respaldoalcantara-alicante.cl\/alcantara-cordillera\/2023\/02\/23\/informacion-importante-inicio-de-clases-2023\/","title":{"rendered":"INFORMACI\u00d3N IMPORTANTE INICIO DE CLASES 2023"},"content":{"rendered":"\t\t<div data-elementor-type=\"wp-post\" data-elementor-id=\"19286\" class=\"elementor elementor-19286\" data-elementor-settings=\"{&quot;ha_cmc_init_switcher&quot;:&quot;no&quot;}\" data-elementor-post-type=\"post\">\n\t\t\t\t\t\t<section class=\"elementor-section elementor-top-section elementor-element elementor-element-ecae1d3 elementor-section-boxed elementor-section-height-default elementor-section-height-default parallax_section_no qode_elementor_container_no\" data-id=\"ecae1d3\" data-element_type=\"section\" data-settings=\"{&quot;jet_parallax_layout_list&quot;:[],&quot;_ha_eqh_enable&quot;:false}\">\n\t\t\t\t\t\t<div class=\"elementor-container elementor-column-gap-default\">\n\t\t\t\t\t<div class=\"elementor-column elementor-col-100 elementor-top-column elementor-element elementor-element-70dd95c\" data-id=\"70dd95c\" data-element_type=\"column\">\n\t\t\t<div class=\"elementor-widget-wrap elementor-element-populated\">\n\t\t\t\t\t\t<div class=\"elementor-element elementor-element-f108e62 elementor-widget elementor-widget-text-editor\" data-id=\"f108e62\" data-element_type=\"widget\" data-widget_type=\"text-editor.default\">\n\t\t\t\t<div class=\"elementor-widget-container\">\n\t\t\t\t\t\t\t\t\t<h3>HORARIOS<\/h3><p>Estimados padres y apoderados:<\/p><p>Junto con saludarlos y esperando que se encuentren bien, enviamos a\u00a0 continuaci\u00f3n \u00a0informaci\u00f3n importante a considerar, con respecto a los horarios de clases de los primeros d\u00edas de marzo y el horario definitivo de cada jornada y niveles.<\/p><p>1<strong>.- <u>Viernes 03 de marzo:<\/u><\/strong>\u00a0 \u00a0 \u00a0 \u00a0 \u00a0 \u00a0 \u00a0<\/p><p>Pre-k\u00ednder a\u00a0 IV\u00b0 medio, jornada ma\u00f1ana, 8:00 a 12:00 horas<\/p><p>Pre-k\u00ednder a \u00a02\u00b0\u00a0 b\u00e1sico, jornada tarde, 13:45 a 17:30 horas<\/p><p><strong>2.- <u>Lunes 6 a viernes 10 de marzo<\/u>: <\/strong><\/p><p>Pre-k\u00ednder\u00a0 y K\u00ednder jornada ma\u00f1ana, 8:00 a 12:00 horas<\/p><p>Pre-k\u00ednder y K\u00ednder , jornada tarde,\u00a0 13:45 a 17:30 horas<\/p><p><strong>\u00a0<\/strong><\/p><p><strong>3.- <u>Lunes 6 y martes 7 de marzo<\/u><\/strong>:\u00a0<\/p><p>1\u00b0 y 2\u00b0 b\u00e1sico, jornada ma\u00f1ana, 8:00 a 12:00 horas<\/p><p>1\u00b0 y 2\u00b0 b\u00e1sico, jornada tarde,\u00a0\u00a0 \u00a013:45 a 17:30 horas<\/p><p>A partir del mi\u00e9rcoles 8\/03 horario normal.<\/p><p><strong>\u00a0<\/strong><\/p><p><strong>4.- <u>Lunes 6 a viernes 10 de marzo<\/u><\/strong>:<\/p><p>3\u00b0 b\u00e1sico\u00a0 a IV\u00b0 medio, jornada ma\u00f1ana,\u00a0 horario normal<\/p><p><strong>\u00a0<\/strong><\/p><p><strong>\u00a0<\/strong><\/p><p><strong>5.- <u>Horario normal de cada jornada<\/u><\/strong>:\u00a0\u00a0\u00a0<\/p><p><span style=\"text-decoration: underline;\"><strong>JORNADA MA\u00d1ANA\u00a0<\/strong><\/span><\/p><table><tbody><tr><td width=\"150\"><p><strong>CURSO<\/strong><\/p><\/td><td width=\"81\"><p><strong>ENTRADA<\/strong><\/p><\/td><td width=\"83\"><p><strong>SALIDA<\/strong><\/p><\/td><td width=\"287\"><p><strong>DIAS<\/strong><\/p><\/td><\/tr><tr><td width=\"150\"><p style=\"text-align: left;\"><strong>Pre b\u00e1sica<\/strong><\/p><\/td><td style=\"text-align: left;\" width=\"81\"><p>8:00<\/p><\/td><td style=\"text-align: left;\" width=\"83\"><p>12:45<\/p><\/td><td style=\"text-align: left;\" width=\"287\"><p>Lunes a viernes<\/p><\/td><\/tr><tr><td width=\"150\"><p style=\"text-align: left;\"><strong>1\u00b0 b\u00e1sico<\/strong><\/p><\/td><td style=\"text-align: left;\" width=\"81\"><p>8:00<\/p><\/td><td style=\"text-align: left;\" width=\"83\"><p>15:10<\/p><\/td><td width=\"287\"><p style=\"text-align: left;\">Lunes<\/p><\/td><\/tr><tr><td width=\"150\">\u00a0<\/td><td width=\"81\"><p style=\"text-align: left;\">8:00<\/p><\/td><td style=\"text-align: left;\" width=\"83\"><p>13:00<\/p><\/td><td width=\"287\"><p style=\"text-align: left;\">Martes a viernes<\/p><\/td><\/tr><tr><td width=\"150\"><p style=\"text-align: left;\"><strong>2\u00b0 b\u00e1sico<\/strong><\/p><\/td><td style=\"text-align: left;\" width=\"81\"><p>8:00<\/p><\/td><td style=\"text-align: left;\" width=\"83\"><p>13:00<\/p><\/td><td width=\"287\"><p style=\"text-align: left;\">Lunes, martes, mi\u00e9rcoles y viernes<\/p><\/td><\/tr><tr><td width=\"150\"><p style=\"text-align: left;\">\u00a0<\/p><\/td><td style=\"text-align: left;\" width=\"81\"><p>8:00<\/p><\/td><td style=\"text-align: left;\" width=\"83\"><p>15:10<\/p><\/td><td width=\"287\"><p style=\"text-align: left;\">Jueves<\/p><\/td><\/tr><tr><td width=\"150\"><p style=\"text-align: left;\"><strong>3\u00b0 a 8\u00b0 b\u00e1sico<\/strong><\/p><\/td><td style=\"text-align: left;\" width=\"81\"><p>8:00<\/p><\/td><td style=\"text-align: left;\" width=\"83\"><p>15:10<\/p><\/td><td style=\"text-align: left;\" width=\"287\"><p>Lunes a jueves<\/p><\/td><\/tr><tr><td style=\"text-align: left;\" width=\"150\">\u00a0<\/td><td style=\"text-align: left;\" width=\"81\"><p>8:00<\/p><\/td><td style=\"text-align: left;\" width=\"83\"><p>13:00<\/p><\/td><td width=\"287\"><p style=\"text-align: left;\">Viernes<\/p><\/td><\/tr><tr><td width=\"150\"><p style=\"text-align: left;\"><strong>I\u00b0 a IV\u00b0 medio<\/strong><\/p><\/td><td style=\"text-align: left;\" width=\"81\"><p>8:00<\/p><\/td><td style=\"text-align: left;\" width=\"83\"><p>16:50<\/p><\/td><td style=\"text-align: left;\" width=\"287\"><p>Lunes y martes<\/p><\/td><\/tr><tr><td width=\"150\">\u00a0<\/td><td width=\"81\"><p style=\"text-align: left;\">8:00<\/p><\/td><td style=\"text-align: left;\" width=\"83\"><p>15:10<\/p><\/td><td width=\"287\"><p style=\"text-align: left;\">Mi\u00e9rcoles y jueves<\/p><\/td><\/tr><tr><td style=\"text-align: left;\" width=\"150\">\u00a0<\/td><td style=\"text-align: left;\" width=\"81\"><p>8:00<\/p><\/td><td style=\"text-align: left;\" width=\"83\"><p>13:00<\/p><\/td><td width=\"287\"><p style=\"text-align: left;\">Viernes<\/p><\/td><\/tr><\/tbody><\/table><p><span style=\"text-decoration: underline;\"><strong>JORNADA TARDE<\/strong><\/span><\/p><table><tbody><tr><td width=\"149\"><p style=\"text-align: left;\"><strong>CURSO<\/strong><\/p><\/td><td style=\"text-align: left;\" width=\"83\"><p><strong>ENTRADA<\/strong><\/p><\/td><td style=\"text-align: left;\" width=\"84\"><p><strong>SALIDA<\/strong><\/p><\/td><td width=\"286\"><p style=\"text-align: left;\"><strong>DIAS<\/strong><\/p><\/td><\/tr><tr><td width=\"149\"><p style=\"text-align: left;\"><strong>Pre b\u00e1sica<\/strong><\/p><\/td><td style=\"text-align: left;\" width=\"83\"><p>13:45<\/p><\/td><td style=\"text-align: left;\" width=\"84\"><p>18:3o<\/p><\/td><td width=\"286\"><p style=\"text-align: left;\">Lunes a viernes<\/p><\/td><\/tr><tr><td width=\"149\"><p style=\"text-align: left;\"><strong>1\u00b0 y 2\u00b0 b\u00e1sico<\/strong><\/p><\/td><td style=\"text-align: left;\" width=\"83\"><p>13:45<\/p><\/td><td style=\"text-align: left;\" width=\"84\"><p>19:15<\/p><\/td><td width=\"286\"><p style=\"text-align: left;\">Lunes y martes<\/p><\/td><\/tr><tr><td width=\"149\"><p style=\"text-align: left;\">\u00a0<\/p><\/td><td style=\"text-align: left;\" width=\"83\"><p>13:45<\/p><\/td><td style=\"text-align: left;\" width=\"84\"><p>18:45<\/p><\/td><td width=\"286\"><p style=\"text-align: left;\">Mi\u00e9rcoles a viernes<\/p><\/td><\/tr><\/tbody><\/table><h3>\u00a0<\/h3><h3>\u00a0<\/h3><h3>JORNADAS DE INDUCCCI\u00d3N<\/h3><p>\u00a0<\/p><p>Estimados padres y apoderados,<\/p><p>\u00a0<\/p><p>Junto con saludar y esperando que se encuentren bien, invitamos a ustedes a participar de las jornadas de bienvenida e inducci\u00f3n organizadas por las coordinaciones acad\u00e9micas y los equipos educativos. Estas jornadas tienen por objetivo promover el conocimiento mutuo y la socializaci\u00f3n de acciones colaborativas para ayudar a la adaptaci\u00f3n de los estudiantes al proceso escolar que est\u00e1n por comenzar, por lo tanto, es muy relevante contar con su presencia y participaci\u00f3n.<\/p><p>Las jornadas se realizar\u00e1n el jueves 2 de marzo de acuerdo a los siguientes horarios:<\/p><p>\u00a0<\/p><ul><li>09:00 horas: Pre k\u00ednder y K\u00ednder (Solo alumnos nuevos)<\/li><li>10:00 horas: 1ero b\u00e1sico A.<\/li><li>11:00 horas: 1ero b\u00e1sico B.<\/li><li>12:00 horas: 3ero b\u00e1sico B.<\/li><\/ul><p>\u00a0<\/p><p>Desde ya agradecemos su compromiso.<\/p><p>Atentamente<\/p><p>Equipo de Gesti\u00f3n<\/p><p>\u00a0<\/p><p>\u00a0<\/p><p><img decoding=\"async\" class=\"alignnone size-full wp-image-16765\" src=\"https:\/\/www.respaldoalcantara-alicante.cl\/alcantara-cordillera\/wp-content\/uploads\/sites\/2\/2021\/03\/iconopdf_small-1.jpg\" alt=\"\" width=\"33\" height=\"35\" \/> <a href=\"https:\/\/www.respaldoalcantara-alicante.cl\/alcantara-cordillera\/wp-content\/uploads\/sites\/2\/2023\/03\/Comunicacion-Horarios.pdf\">Comunicacio\u0301n Horarios<\/a><\/p><p><img decoding=\"async\" class=\"alignnone size-full wp-image-16765\" src=\"https:\/\/www.respaldoalcantara-alicante.cl\/alcantara-cordillera\/wp-content\/uploads\/sites\/2\/2021\/03\/iconopdf_small-1.jpg\" alt=\"\" width=\"33\" height=\"35\" \/> <a href=\"https:\/\/www.respaldoalcantara-alicante.cl\/alcantara-cordillera\/wp-content\/uploads\/sites\/2\/2023\/02\/Comunicado-induccion.pdf\">Comunicado induccio\u0301n<\/a><\/p>\t\t\t\t\t\t\t\t<\/div>\n\t\t\t\t<\/div>\n\t\t\t\t\t<\/div>\n\t\t<\/div>\n\t\t\t\t\t<\/div>\n\t\t<\/section>\n\t\t\t\t<\/div>\n\t\t","protected":false},"excerpt":{"rendered":"<p>HORARIOS Estimados padres y apoderados: Junto con saludarlos y esperando que se encuentren bien, enviamos a\u00a0 continuaci\u00f3n \u00a0informaci\u00f3n importante a considerar, con respecto a los horarios de clases de los primeros d\u00edas de marzo y el horario definitivo de cada jornada y niveles. 1.- Viernes&#8230;<\/p>\n","protected":false},"author":5,"featured_media":17946,"comment_status":"closed","ping_status":"open","sticky":false,"template":"","format":"standard","meta":{"footnotes":""},"categories":[38,22],"tags":[],"class_list":["post-19286","post","type-post","status-publish","format-standard","has-post-thumbnail","hentry","category-comunicado","category-destacadas"],"aioseo_notices":[],"_links":{"self":[{"href":"https:\/\/www.respaldoalcantara-alicante.cl\/alcantara-cordillera\/wp-json\/wp\/v2\/posts\/19286","targetHints":{"allow":["GET"]}}],"collection":[{"href":"https:\/\/www.respaldoalcantara-alicante.cl\/alcantara-cordillera\/wp-json\/wp\/v2\/posts"}],"about":[{"href":"https:\/\/www.respaldoalcantara-alicante.cl\/alcantara-cordillera\/wp-json\/wp\/v2\/types\/post"}],"author":[{"embeddable":true,"href":"https:\/\/www.respaldoalcantara-alicante.cl\/alcantara-cordillera\/wp-json\/wp\/v2\/users\/5"}],"replies":[{"embeddable":true,"href":"https:\/\/www.respaldoalcantara-alicante.cl\/alcantara-cordillera\/wp-json\/wp\/v2\/comments?post=19286"}],"version-history":[{"count":23,"href":"https:\/\/www.respaldoalcantara-alicante.cl\/alcantara-cordillera\/wp-json\/wp\/v2\/posts\/19286\/revisions"}],"predecessor-version":[{"id":19333,"href":"https:\/\/www.respaldoalcantara-alicante.cl\/alcantara-cordillera\/wp-json\/wp\/v2\/posts\/19286\/revisions\/19333"}],"wp:featuredmedia":[{"embeddable":true,"href":"https:\/\/www.respaldoalcantara-alicante.cl\/alcantara-cordillera\/wp-json\/wp\/v2\/media\/17946"}],"wp:attachment":[{"href":"https:\/\/www.respaldoalcantara-alicante.cl\/alcantara-cordillera\/wp-json\/wp\/v2\/media?parent=19286"}],"wp:term":[{"taxonomy":"category","embeddable":true,"href":"https:\/\/www.respaldoalcantara-alicante.cl\/alcantara-cordillera\/wp-json\/wp\/v2\/categories?post=19286"},{"taxonomy":"post_tag","embeddable":true,"href":"https:\/\/www.respaldoalcantara-alicante.cl\/alcantara-cordillera\/wp-json\/wp\/v2\/tags?post=19286"}],"curies":[{"name":"wp","href":"https:\/\/api.w.org\/{rel}","templated":true}]}}