{"id":19191,"date":"2022-12-28T12:48:26","date_gmt":"2022-12-28T15:48:26","guid":{"rendered":"https:\/\/www.respaldoalcantara-alicante.cl\/alcantara-cordillera\/?p=19191"},"modified":"2022-12-28T12:51:08","modified_gmt":"2022-12-28T15:51:08","slug":"uso-de-uniforme-ano-2023","status":"publish","type":"post","link":"https:\/\/www.respaldoalcantara-alicante.cl\/alcantara-cordillera\/2022\/12\/28\/uso-de-uniforme-ano-2023\/","title":{"rendered":"Uso de uniforme a\u00f1o 2023"},"content":{"rendered":"\t\t<div data-elementor-type=\"wp-post\" data-elementor-id=\"19191\" class=\"elementor elementor-19191\" data-elementor-settings=\"{&quot;ha_cmc_init_switcher&quot;:&quot;no&quot;}\" data-elementor-post-type=\"post\">\n\t\t\t\t\t\t<section class=\"elementor-section elementor-top-section elementor-element elementor-element-f4741ad elementor-section-boxed elementor-section-height-default elementor-section-height-default parallax_section_no qode_elementor_container_no\" data-id=\"f4741ad\" data-element_type=\"section\" data-settings=\"{&quot;jet_parallax_layout_list&quot;:[],&quot;_ha_eqh_enable&quot;:false}\">\n\t\t\t\t\t\t<div class=\"elementor-container elementor-column-gap-default\">\n\t\t\t\t\t<div class=\"elementor-column elementor-col-100 elementor-top-column elementor-element elementor-element-96b0dec\" data-id=\"96b0dec\" data-element_type=\"column\">\n\t\t\t<div class=\"elementor-widget-wrap elementor-element-populated\">\n\t\t\t\t\t\t<div class=\"elementor-element elementor-element-76a120c elementor-widget elementor-widget-text-editor\" data-id=\"76a120c\" data-element_type=\"widget\" data-widget_type=\"text-editor.default\">\n\t\t\t\t<div class=\"elementor-widget-container\">\n\t\t\t\t\t\t\t\t\t<p>Estimados padres y apoderados,<\/p><p>A continuaci\u00f3n informamos del uso del uniforme 2023.<\/p><p>\u00a0<\/p><p><strong>De Pre-Kinder a 6\u00b0 b\u00e1sico los estudiantes usar\u00e1n el buzo institucional:<\/strong><\/p><p>*Pantal\u00f3n verde<\/p><p>*<span style=\"text-decoration: underline;\">Polera institucional blanca con cuello burdeo<\/span><\/p><p><span style=\"text-decoration: underline;\">*Polera gris solo para clase de Educaci\u00f3n F\u00edsic<\/span>a<\/p><p>*Zapatillas acorde con la actividad f\u00edsica.<\/p><p><strong>De 7\u00b0 b\u00e1sico a IV\u00b0 medio deber\u00e1n usar su uniforme y solo para las clases de Educaci\u00f3n F\u00edsica usar\u00e1n el buzo institucional.<\/strong><\/p><p>\u00a0<\/p><p><strong>Uniformes Varones:<\/strong><\/p><p>* Pantal\u00f3n de vestir gris corte recto<\/p><p><span style=\"text-decoration: underline;\">* Polera institucional blanca con cuello burdeo<\/span><\/p><p><span style=\"text-decoration: underline;\">* Polera gris solo para clase de Educaci\u00f3n F\u00edsica<\/span><\/p><p>* Sweater institucional<\/p><p>* Casaca, polar, chaquet\u00f3n o parka color institucional<\/p><p>* Zapatos negros<\/p><p>\u00a0<\/p><p><strong>Uniformes damas:<\/strong><\/p><p>* Falda gris tableada<\/p><p>* Polera institucional blanca con cuello burdeo<\/p><p>* Polera gris solo para clase de Educaci\u00f3n F\u00edsica<\/p><p>* Sweater institucional<\/p><p>* Casaca, polar, chaquet\u00f3n parka color institucional<\/p><p>* Zapatos negros<\/p><p>\u00a0<\/p><p>Nota:<\/p><p>Solo los estudiantes de IV\u00b0 medio tienen permitido usar el poler\u00f3n que ellos como generaci\u00f3n se mandan hacer cada a\u00f1o, por lo tanto, los dem\u00e1s estudiantes deben cumplir con lo establecido.<\/p><p>\u00a0<\/p><p>Atte.<\/p><p>Equipo de Gesti\u00f3n<\/p>\t\t\t\t\t\t\t\t<\/div>\n\t\t\t\t<\/div>\n\t\t\t\t\t<\/div>\n\t\t<\/div>\n\t\t\t\t\t<\/div>\n\t\t<\/section>\n\t\t\t\t<\/div>\n\t\t","protected":false},"excerpt":{"rendered":"<p>Estimados padres y apoderados, A continuaci\u00f3n informamos del uso del uniforme 2023. \u00a0 De Pre-Kinder a 6\u00b0 b\u00e1sico los estudiantes usar\u00e1n el buzo institucional: *Pantal\u00f3n verde *Polera institucional blanca con cuello burdeo *Polera gris solo para clase de Educaci\u00f3n F\u00edsica *Zapatillas acorde con la actividad&#8230;<\/p>\n","protected":false},"author":5,"featured_media":19193,"comment_status":"closed","ping_status":"open","sticky":false,"template":"","format":"standard","meta":{"footnotes":""},"categories":[38,22],"tags":[],"class_list":["post-19191","post","type-post","status-publish","format-standard","has-post-thumbnail","hentry","category-comunicado","category-destacadas"],"aioseo_notices":[],"_links":{"self":[{"href":"https:\/\/www.respaldoalcantara-alicante.cl\/alcantara-cordillera\/wp-json\/wp\/v2\/posts\/19191","targetHints":{"allow":["GET"]}}],"collection":[{"href":"https:\/\/www.respaldoalcantara-alicante.cl\/alcantara-cordillera\/wp-json\/wp\/v2\/posts"}],"about":[{"href":"https:\/\/www.respaldoalcantara-alicante.cl\/alcantara-cordillera\/wp-json\/wp\/v2\/types\/post"}],"author":[{"embeddable":true,"href":"https:\/\/www.respaldoalcantara-alicante.cl\/alcantara-cordillera\/wp-json\/wp\/v2\/users\/5"}],"replies":[{"embeddable":true,"href":"https:\/\/www.respaldoalcantara-alicante.cl\/alcantara-cordillera\/wp-json\/wp\/v2\/comments?post=19191"}],"version-history":[{"count":4,"href":"https:\/\/www.respaldoalcantara-alicante.cl\/alcantara-cordillera\/wp-json\/wp\/v2\/posts\/19191\/revisions"}],"predecessor-version":[{"id":19196,"href":"https:\/\/www.respaldoalcantara-alicante.cl\/alcantara-cordillera\/wp-json\/wp\/v2\/posts\/19191\/revisions\/19196"}],"wp:featuredmedia":[{"embeddable":true,"href":"https:\/\/www.respaldoalcantara-alicante.cl\/alcantara-cordillera\/wp-json\/wp\/v2\/media\/19193"}],"wp:attachment":[{"href":"https:\/\/www.respaldoalcantara-alicante.cl\/alcantara-cordillera\/wp-json\/wp\/v2\/media?parent=19191"}],"wp:term":[{"taxonomy":"category","embeddable":true,"href":"https:\/\/www.respaldoalcantara-alicante.cl\/alcantara-cordillera\/wp-json\/wp\/v2\/categories?post=19191"},{"taxonomy":"post_tag","embeddable":true,"href":"https:\/\/www.respaldoalcantara-alicante.cl\/alcantara-cordillera\/wp-json\/wp\/v2\/tags?post=19191"}],"curies":[{"name":"wp","href":"https:\/\/api.w.org\/{rel}","templated":true}]}}