{"id":19137,"date":"2022-12-23T17:03:12","date_gmt":"2022-12-23T20:03:12","guid":{"rendered":"https:\/\/www.respaldoalcantara-alicante.cl\/alcantara-cordillera\/?p=19137"},"modified":"2022-12-23T17:03:37","modified_gmt":"2022-12-23T20:03:37","slug":"graduacion-kinder-2022","status":"publish","type":"post","link":"https:\/\/www.respaldoalcantara-alicante.cl\/alcantara-cordillera\/2022\/12\/23\/graduacion-kinder-2022\/","title":{"rendered":"Graduaci\u00f3n K\u00ednder 2022"},"content":{"rendered":"\t\t<div data-elementor-type=\"wp-post\" data-elementor-id=\"19137\" class=\"elementor elementor-19137\" data-elementor-settings=\"{&quot;ha_cmc_init_switcher&quot;:&quot;no&quot;}\" data-elementor-post-type=\"post\">\n\t\t\t\t\t\t<section class=\"elementor-section elementor-top-section elementor-element elementor-element-dcf36a4 elementor-section-boxed elementor-section-height-default elementor-section-height-default parallax_section_no qode_elementor_container_no\" data-id=\"dcf36a4\" data-element_type=\"section\" data-settings=\"{&quot;jet_parallax_layout_list&quot;:[],&quot;_ha_eqh_enable&quot;:false}\">\n\t\t\t\t\t\t<div class=\"elementor-container elementor-column-gap-default\">\n\t\t\t\t\t<div class=\"elementor-column elementor-col-100 elementor-top-column elementor-element elementor-element-255ad2e\" data-id=\"255ad2e\" data-element_type=\"column\">\n\t\t\t<div class=\"elementor-widget-wrap elementor-element-populated\">\n\t\t\t\t\t\t<div class=\"elementor-element elementor-element-2f4a9e8 elementor-widget elementor-widget-text-editor\" data-id=\"2f4a9e8\" data-element_type=\"widget\" data-widget_type=\"text-editor.default\">\n\t\t\t\t<div class=\"elementor-widget-container\">\n\t\t\t\t\t\t\t\t\t<p>El d\u00eda martes 13 de diciembre, se realiz\u00f3 la ceremonia de graduaci\u00f3n de los peque\u00f1os del colegio, iniciando as\u00ed una nueva etapa en su educaci\u00f3n.<\/p>\t\t\t\t\t\t\t\t<\/div>\n\t\t\t\t<\/div>\n\t\t\t\t\t<\/div>\n\t\t<\/div>\n\t\t\t\t\t<\/div>\n\t\t<\/section>\n\t\t\t\t<section class=\"elementor-section elementor-top-section elementor-element elementor-element-a99f92b elementor-section-boxed elementor-section-height-default elementor-section-height-default parallax_section_no qode_elementor_container_no\" data-id=\"a99f92b\" data-element_type=\"section\" data-settings=\"{&quot;jet_parallax_layout_list&quot;:[],&quot;_ha_eqh_enable&quot;:false}\">\n\t\t\t\t\t\t<div class=\"elementor-container elementor-column-gap-default\">\n\t\t\t\t\t<div class=\"elementor-column elementor-col-100 elementor-top-column elementor-element elementor-element-62368f0\" data-id=\"62368f0\" data-element_type=\"column\">\n\t\t\t<div class=\"elementor-widget-wrap elementor-element-populated\">\n\t\t\t\t\t\t<div class=\"elementor-element elementor-element-1ad0467 elementor-widget elementor-widget-gallery\" data-id=\"1ad0467\" data-element_type=\"widget\" data-settings=\"{&quot;lazyload&quot;:&quot;yes&quot;,&quot;gallery_layout&quot;:&quot;grid&quot;,&quot;columns&quot;:4,&quot;columns_tablet&quot;:2,&quot;columns_mobile&quot;:1,&quot;gap&quot;:{&quot;unit&quot;:&quot;px&quot;,&quot;size&quot;:10,&quot;sizes&quot;:[]},&quot;gap_tablet&quot;:{&quot;unit&quot;:&quot;px&quot;,&quot;size&quot;:10,&quot;sizes&quot;:[]},&quot;gap_mobile&quot;:{&quot;unit&quot;:&quot;px&quot;,&quot;size&quot;:10,&quot;sizes&quot;:[]},&quot;link_to&quot;:&quot;file&quot;,&quot;aspect_ratio&quot;:&quot;3:2&quot;,&quot;overlay_background&quot;:&quot;yes&quot;,&quot;content_hover_animation&quot;:&quot;fade-in&quot;}\" data-widget_type=\"gallery.default\">\n\t\t\t\t<div class=\"elementor-widget-container\">\n\t\t\t\t\t\t\t<div class=\"elementor-gallery__container\">\n\t\t\t\t\t\t\t<a class=\"e-gallery-item elementor-gallery-item elementor-animated-content\" href=\"https:\/\/www.respaldoalcantara-alicante.cl\/alcantara-cordillera\/wp-content\/uploads\/sites\/2\/2022\/12\/grad.kinder1.jpeg\" data-elementor-open-lightbox=\"yes\" data-elementor-lightbox-slideshow=\"1ad0467\" data-elementor-lightbox-title=\"grad.kinder1\" data-e-action-hash=\"#elementor-action%3Aaction%3Dlightbox%26settings%3DeyJpZCI6MTkxNDAsInVybCI6Imh0dHBzOlwvXC93d3cucmVzcGFsZG9hbGNhbnRhcmEtYWxpY2FudGUuY2xcL2FsY2FudGFyYS1jb3JkaWxsZXJhXC93cC1jb250ZW50XC91cGxvYWRzXC9zaXRlc1wvMlwvMjAyMlwvMTJcL2dyYWQua2luZGVyMS5qcGVnIiwic2xpZGVzaG93IjoiMWFkMDQ2NyJ9\">\n\t\t\t\t\t<div class=\"e-gallery-image elementor-gallery-item__image\" data-thumbnail=\"https:\/\/www.respaldoalcantara-alicante.cl\/alcantara-cordillera\/wp-content\/uploads\/sites\/2\/2022\/12\/grad.kinder1-225x300.jpeg\" data-width=\"225\" data-height=\"300\" aria-label=\"\" role=\"img\" ><\/div>\n\t\t\t\t\t\t\t\t\t\t\t<div class=\"elementor-gallery-item__overlay\"><\/div>\n\t\t\t\t\t\t\t\t\t\t\t\t\t\t<\/a>\n\t\t\t\t\t\t\t<a class=\"e-gallery-item elementor-gallery-item elementor-animated-content\" href=\"https:\/\/www.respaldoalcantara-alicante.cl\/alcantara-cordillera\/wp-content\/uploads\/sites\/2\/2022\/12\/grad.kinder2.jpeg\" data-elementor-open-lightbox=\"yes\" data-elementor-lightbox-slideshow=\"1ad0467\" data-elementor-lightbox-title=\"grad.kinder2\" data-e-action-hash=\"#elementor-action%3Aaction%3Dlightbox%26settings%3DeyJpZCI6MTkxNDEsInVybCI6Imh0dHBzOlwvXC93d3cucmVzcGFsZG9hbGNhbnRhcmEtYWxpY2FudGUuY2xcL2FsY2FudGFyYS1jb3JkaWxsZXJhXC93cC1jb250ZW50XC91cGxvYWRzXC9zaXRlc1wvMlwvMjAyMlwvMTJcL2dyYWQua2luZGVyMi5qcGVnIiwic2xpZGVzaG93IjoiMWFkMDQ2NyJ9\">\n\t\t\t\t\t<div class=\"e-gallery-image elementor-gallery-item__image\" data-thumbnail=\"https:\/\/www.respaldoalcantara-alicante.cl\/alcantara-cordillera\/wp-content\/uploads\/sites\/2\/2022\/12\/grad.kinder2-225x300.jpeg\" data-width=\"225\" data-height=\"300\" aria-label=\"\" role=\"img\" ><\/div>\n\t\t\t\t\t\t\t\t\t\t\t<div class=\"elementor-gallery-item__overlay\"><\/div>\n\t\t\t\t\t\t\t\t\t\t\t\t\t\t<\/a>\n\t\t\t\t\t\t\t<a class=\"e-gallery-item elementor-gallery-item elementor-animated-content\" href=\"https:\/\/www.respaldoalcantara-alicante.cl\/alcantara-cordillera\/wp-content\/uploads\/sites\/2\/2022\/12\/grad.kinder3.jpeg\" data-elementor-open-lightbox=\"yes\" data-elementor-lightbox-slideshow=\"1ad0467\" data-elementor-lightbox-title=\"grad.kinder3\" data-e-action-hash=\"#elementor-action%3Aaction%3Dlightbox%26settings%3DeyJpZCI6MTkxNDIsInVybCI6Imh0dHBzOlwvXC93d3cucmVzcGFsZG9hbGNhbnRhcmEtYWxpY2FudGUuY2xcL2FsY2FudGFyYS1jb3JkaWxsZXJhXC93cC1jb250ZW50XC91cGxvYWRzXC9zaXRlc1wvMlwvMjAyMlwvMTJcL2dyYWQua2luZGVyMy5qcGVnIiwic2xpZGVzaG93IjoiMWFkMDQ2NyJ9\">\n\t\t\t\t\t<div class=\"e-gallery-image elementor-gallery-item__image\" data-thumbnail=\"https:\/\/www.respaldoalcantara-alicante.cl\/alcantara-cordillera\/wp-content\/uploads\/sites\/2\/2022\/12\/grad.kinder3-225x300.jpeg\" data-width=\"225\" data-height=\"300\" aria-label=\"\" role=\"img\" ><\/div>\n\t\t\t\t\t\t\t\t\t\t\t<div class=\"elementor-gallery-item__overlay\"><\/div>\n\t\t\t\t\t\t\t\t\t\t\t\t\t\t<\/a>\n\t\t\t\t\t\t\t<a class=\"e-gallery-item elementor-gallery-item elementor-animated-content\" href=\"https:\/\/www.respaldoalcantara-alicante.cl\/alcantara-cordillera\/wp-content\/uploads\/sites\/2\/2022\/12\/grad.kinder4.jpeg\" data-elementor-open-lightbox=\"yes\" data-elementor-lightbox-slideshow=\"1ad0467\" data-elementor-lightbox-title=\"grad.kinder4\" data-e-action-hash=\"#elementor-action%3Aaction%3Dlightbox%26settings%3DeyJpZCI6MTkxNDMsInVybCI6Imh0dHBzOlwvXC93d3cucmVzcGFsZG9hbGNhbnRhcmEtYWxpY2FudGUuY2xcL2FsY2FudGFyYS1jb3JkaWxsZXJhXC93cC1jb250ZW50XC91cGxvYWRzXC9zaXRlc1wvMlwvMjAyMlwvMTJcL2dyYWQua2luZGVyNC5qcGVnIiwic2xpZGVzaG93IjoiMWFkMDQ2NyJ9\">\n\t\t\t\t\t<div class=\"e-gallery-image elementor-gallery-item__image\" data-thumbnail=\"https:\/\/www.respaldoalcantara-alicante.cl\/alcantara-cordillera\/wp-content\/uploads\/sites\/2\/2022\/12\/grad.kinder4-225x300.jpeg\" data-width=\"225\" data-height=\"300\" aria-label=\"\" role=\"img\" ><\/div>\n\t\t\t\t\t\t\t\t\t\t\t<div class=\"elementor-gallery-item__overlay\"><\/div>\n\t\t\t\t\t\t\t\t\t\t\t\t\t\t<\/a>\n\t\t\t\t\t\t\t<a class=\"e-gallery-item elementor-gallery-item elementor-animated-content\" href=\"https:\/\/www.respaldoalcantara-alicante.cl\/alcantara-cordillera\/wp-content\/uploads\/sites\/2\/2022\/12\/grad.kinder5.jpeg\" data-elementor-open-lightbox=\"yes\" data-elementor-lightbox-slideshow=\"1ad0467\" data-elementor-lightbox-title=\"grad.kinder5\" data-e-action-hash=\"#elementor-action%3Aaction%3Dlightbox%26settings%3DeyJpZCI6MTkxNDQsInVybCI6Imh0dHBzOlwvXC93d3cucmVzcGFsZG9hbGNhbnRhcmEtYWxpY2FudGUuY2xcL2FsY2FudGFyYS1jb3JkaWxsZXJhXC93cC1jb250ZW50XC91cGxvYWRzXC9zaXRlc1wvMlwvMjAyMlwvMTJcL2dyYWQua2luZGVyNS5qcGVnIiwic2xpZGVzaG93IjoiMWFkMDQ2NyJ9\">\n\t\t\t\t\t<div class=\"e-gallery-image elementor-gallery-item__image\" data-thumbnail=\"https:\/\/www.respaldoalcantara-alicante.cl\/alcantara-cordillera\/wp-content\/uploads\/sites\/2\/2022\/12\/grad.kinder5-225x300.jpeg\" data-width=\"225\" data-height=\"300\" aria-label=\"\" role=\"img\" ><\/div>\n\t\t\t\t\t\t\t\t\t\t\t<div class=\"elementor-gallery-item__overlay\"><\/div>\n\t\t\t\t\t\t\t\t\t\t\t\t\t\t<\/a>\n\t\t\t\t\t\t\t<a class=\"e-gallery-item elementor-gallery-item elementor-animated-content\" href=\"https:\/\/www.respaldoalcantara-alicante.cl\/alcantara-cordillera\/wp-content\/uploads\/sites\/2\/2022\/12\/grad.kinder6.jpeg\" data-elementor-open-lightbox=\"yes\" data-elementor-lightbox-slideshow=\"1ad0467\" data-elementor-lightbox-title=\"grad.kinder6\" data-e-action-hash=\"#elementor-action%3Aaction%3Dlightbox%26settings%3DeyJpZCI6MTkxNDUsInVybCI6Imh0dHBzOlwvXC93d3cucmVzcGFsZG9hbGNhbnRhcmEtYWxpY2FudGUuY2xcL2FsY2FudGFyYS1jb3JkaWxsZXJhXC93cC1jb250ZW50XC91cGxvYWRzXC9zaXRlc1wvMlwvMjAyMlwvMTJcL2dyYWQua2luZGVyNi5qcGVnIiwic2xpZGVzaG93IjoiMWFkMDQ2NyJ9\">\n\t\t\t\t\t<div class=\"e-gallery-image elementor-gallery-item__image\" data-thumbnail=\"https:\/\/www.respaldoalcantara-alicante.cl\/alcantara-cordillera\/wp-content\/uploads\/sites\/2\/2022\/12\/grad.kinder6-225x300.jpeg\" data-width=\"225\" data-height=\"300\" aria-label=\"\" role=\"img\" ><\/div>\n\t\t\t\t\t\t\t\t\t\t\t<div class=\"elementor-gallery-item__overlay\"><\/div>\n\t\t\t\t\t\t\t\t\t\t\t\t\t\t<\/a>\n\t\t\t\t\t\t\t<a class=\"e-gallery-item elementor-gallery-item elementor-animated-content\" href=\"https:\/\/www.respaldoalcantara-alicante.cl\/alcantara-cordillera\/wp-content\/uploads\/sites\/2\/2022\/12\/grad.kinder7.jpeg\" data-elementor-open-lightbox=\"yes\" data-elementor-lightbox-slideshow=\"1ad0467\" data-elementor-lightbox-title=\"grad.kinder7\" data-e-action-hash=\"#elementor-action%3Aaction%3Dlightbox%26settings%3DeyJpZCI6MTkxNDYsInVybCI6Imh0dHBzOlwvXC93d3cucmVzcGFsZG9hbGNhbnRhcmEtYWxpY2FudGUuY2xcL2FsY2FudGFyYS1jb3JkaWxsZXJhXC93cC1jb250ZW50XC91cGxvYWRzXC9zaXRlc1wvMlwvMjAyMlwvMTJcL2dyYWQua2luZGVyNy5qcGVnIiwic2xpZGVzaG93IjoiMWFkMDQ2NyJ9\">\n\t\t\t\t\t<div class=\"e-gallery-image elementor-gallery-item__image\" data-thumbnail=\"https:\/\/www.respaldoalcantara-alicante.cl\/alcantara-cordillera\/wp-content\/uploads\/sites\/2\/2022\/12\/grad.kinder7-225x300.jpeg\" data-width=\"225\" data-height=\"300\" aria-label=\"\" role=\"img\" ><\/div>\n\t\t\t\t\t\t\t\t\t\t\t<div class=\"elementor-gallery-item__overlay\"><\/div>\n\t\t\t\t\t\t\t\t\t\t\t\t\t\t<\/a>\n\t\t\t\t\t<\/div>\n\t\t\t\t\t<\/div>\n\t\t\t\t<\/div>\n\t\t\t\t\t<\/div>\n\t\t<\/div>\n\t\t\t\t\t<\/div>\n\t\t<\/section>\n\t\t\t\t<\/div>\n\t\t","protected":false},"excerpt":{"rendered":"<p>El d\u00eda martes 13 de diciembre, se realiz\u00f3 la ceremonia de graduaci\u00f3n de los peque\u00f1os del colegio, iniciando as\u00ed una nueva etapa en su educaci\u00f3n.<\/p>\n","protected":false},"author":5,"featured_media":19138,"comment_status":"closed","ping_status":"open","sticky":false,"template":"","format":"standard","meta":{"footnotes":""},"categories":[26,22],"tags":[],"class_list":["post-19137","post","type-post","status-publish","format-standard","has-post-thumbnail","hentry","category-academicas","category-destacadas"],"aioseo_notices":[],"_links":{"self":[{"href":"https:\/\/www.respaldoalcantara-alicante.cl\/alcantara-cordillera\/wp-json\/wp\/v2\/posts\/19137","targetHints":{"allow":["GET"]}}],"collection":[{"href":"https:\/\/www.respaldoalcantara-alicante.cl\/alcantara-cordillera\/wp-json\/wp\/v2\/posts"}],"about":[{"href":"https:\/\/www.respaldoalcantara-alicante.cl\/alcantara-cordillera\/wp-json\/wp\/v2\/types\/post"}],"author":[{"embeddable":true,"href":"https:\/\/www.respaldoalcantara-alicante.cl\/alcantara-cordillera\/wp-json\/wp\/v2\/users\/5"}],"replies":[{"embeddable":true,"href":"https:\/\/www.respaldoalcantara-alicante.cl\/alcantara-cordillera\/wp-json\/wp\/v2\/comments?post=19137"}],"version-history":[{"count":4,"href":"https:\/\/www.respaldoalcantara-alicante.cl\/alcantara-cordillera\/wp-json\/wp\/v2\/posts\/19137\/revisions"}],"predecessor-version":[{"id":19150,"href":"https:\/\/www.respaldoalcantara-alicante.cl\/alcantara-cordillera\/wp-json\/wp\/v2\/posts\/19137\/revisions\/19150"}],"wp:featuredmedia":[{"embeddable":true,"href":"https:\/\/www.respaldoalcantara-alicante.cl\/alcantara-cordillera\/wp-json\/wp\/v2\/media\/19138"}],"wp:attachment":[{"href":"https:\/\/www.respaldoalcantara-alicante.cl\/alcantara-cordillera\/wp-json\/wp\/v2\/media?parent=19137"}],"wp:term":[{"taxonomy":"category","embeddable":true,"href":"https:\/\/www.respaldoalcantara-alicante.cl\/alcantara-cordillera\/wp-json\/wp\/v2\/categories?post=19137"},{"taxonomy":"post_tag","embeddable":true,"href":"https:\/\/www.respaldoalcantara-alicante.cl\/alcantara-cordillera\/wp-json\/wp\/v2\/tags?post=19137"}],"curies":[{"name":"wp","href":"https:\/\/api.w.org\/{rel}","templated":true}]}}