{"id":19016,"date":"2022-11-22T11:54:21","date_gmt":"2022-11-22T14:54:21","guid":{"rendered":"https:\/\/www.respaldoalcantara-alicante.cl\/alcantara-cordillera\/?p=19016"},"modified":"2022-11-22T11:55:46","modified_gmt":"2022-11-22T14:55:46","slug":"feliz-dia-a-nuestras-educadoras-de-parvulos","status":"publish","type":"post","link":"https:\/\/www.respaldoalcantara-alicante.cl\/alcantara-cordillera\/2022\/11\/22\/feliz-dia-a-nuestras-educadoras-de-parvulos\/","title":{"rendered":"Feliz d\u00eda a nuestras Educadoras de P\u00e1rvulos"},"content":{"rendered":"\t\t<div data-elementor-type=\"wp-post\" data-elementor-id=\"19016\" class=\"elementor elementor-19016\" data-elementor-settings=\"{&quot;ha_cmc_init_switcher&quot;:&quot;no&quot;}\" data-elementor-post-type=\"post\">\n\t\t\t\t\t\t<section class=\"elementor-section elementor-top-section elementor-element elementor-element-59bf1a5 elementor-section-boxed elementor-section-height-default elementor-section-height-default parallax_section_no qode_elementor_container_no\" data-id=\"59bf1a5\" data-element_type=\"section\" data-settings=\"{&quot;jet_parallax_layout_list&quot;:[],&quot;_ha_eqh_enable&quot;:false}\">\n\t\t\t\t\t\t<div class=\"elementor-container elementor-column-gap-default\">\n\t\t\t\t\t<div class=\"elementor-column elementor-col-100 elementor-top-column elementor-element elementor-element-8f937b1\" data-id=\"8f937b1\" data-element_type=\"column\">\n\t\t\t<div class=\"elementor-widget-wrap elementor-element-populated\">\n\t\t\t\t\t\t<div class=\"elementor-element elementor-element-e50ec5e elementor-widget elementor-widget-text-editor\" data-id=\"e50ec5e\" data-element_type=\"widget\" data-widget_type=\"text-editor.default\">\n\t\t\t\t<div class=\"elementor-widget-container\">\n\t\t\t\t\t\t\t\t\t<p>El 22 de noviembre se celebra el\u00a0<strong>\u201cD\u00eda de la Educaci\u00f3n Parvularia y de la Educador(a) de P\u00e1rvulos\u201d.<\/strong>\u00a0La relevancia de este nivel educativo lo encontramos expl\u00edcitamente en la Ley N\u00b0 20.370, que lo define como el nivel educativo que atiende integralmente a ni\u00f1as y ni\u00f1os, desde su nacimiento hasta su ingreso a la educaci\u00f3n b\u00e1sica, a fin de favorecer de manera sistem\u00e1tica, oportuna y pertinente, el desarrollo integral y aprendizajes relevantes y significativos, apoyando a la familia en su rol insustituible de primera educadora. Tambi\u00e9n es importante resaltar que sus lineamientos se enmarcan en principios y valores inspirados en la Constituci\u00f3n Pol\u00edtica del Estado, la Ley General de Educaci\u00f3n y el Ordenamiento Jur\u00eddico de la Naci\u00f3n, la Declaraci\u00f3n Universal de los Derechos Humanos y la Convenci\u00f3n sobre los Derechos del Ni\u00f1o ratificados por nuestro pa\u00eds.<\/p>\t\t\t\t\t\t\t\t<\/div>\n\t\t\t\t<\/div>\n\t\t\t\t\t<\/div>\n\t\t<\/div>\n\t\t\t\t\t<\/div>\n\t\t<\/section>\n\t\t\t\t<\/div>\n\t\t","protected":false},"excerpt":{"rendered":"<p>El 22 de noviembre se celebra el\u00a0\u201cD\u00eda de la Educaci\u00f3n Parvularia y de la Educador(a) de P\u00e1rvulos\u201d.\u00a0La relevancia de este nivel educativo lo encontramos expl\u00edcitamente en la Ley N\u00b0 20.370, que lo define como el nivel educativo que atiende integralmente a ni\u00f1as y ni\u00f1os, desde&#8230;<\/p>\n","protected":false},"author":5,"featured_media":19017,"comment_status":"closed","ping_status":"open","sticky":false,"template":"","format":"standard","meta":{"footnotes":""},"categories":[22,23],"tags":[],"class_list":["post-19016","post","type-post","status-publish","format-standard","has-post-thumbnail","hentry","category-destacadas","category-noticias-parvulario"],"aioseo_notices":[],"_links":{"self":[{"href":"https:\/\/www.respaldoalcantara-alicante.cl\/alcantara-cordillera\/wp-json\/wp\/v2\/posts\/19016","targetHints":{"allow":["GET"]}}],"collection":[{"href":"https:\/\/www.respaldoalcantara-alicante.cl\/alcantara-cordillera\/wp-json\/wp\/v2\/posts"}],"about":[{"href":"https:\/\/www.respaldoalcantara-alicante.cl\/alcantara-cordillera\/wp-json\/wp\/v2\/types\/post"}],"author":[{"embeddable":true,"href":"https:\/\/www.respaldoalcantara-alicante.cl\/alcantara-cordillera\/wp-json\/wp\/v2\/users\/5"}],"replies":[{"embeddable":true,"href":"https:\/\/www.respaldoalcantara-alicante.cl\/alcantara-cordillera\/wp-json\/wp\/v2\/comments?post=19016"}],"version-history":[{"count":4,"href":"https:\/\/www.respaldoalcantara-alicante.cl\/alcantara-cordillera\/wp-json\/wp\/v2\/posts\/19016\/revisions"}],"predecessor-version":[{"id":19021,"href":"https:\/\/www.respaldoalcantara-alicante.cl\/alcantara-cordillera\/wp-json\/wp\/v2\/posts\/19016\/revisions\/19021"}],"wp:featuredmedia":[{"embeddable":true,"href":"https:\/\/www.respaldoalcantara-alicante.cl\/alcantara-cordillera\/wp-json\/wp\/v2\/media\/19017"}],"wp:attachment":[{"href":"https:\/\/www.respaldoalcantara-alicante.cl\/alcantara-cordillera\/wp-json\/wp\/v2\/media?parent=19016"}],"wp:term":[{"taxonomy":"category","embeddable":true,"href":"https:\/\/www.respaldoalcantara-alicante.cl\/alcantara-cordillera\/wp-json\/wp\/v2\/categories?post=19016"},{"taxonomy":"post_tag","embeddable":true,"href":"https:\/\/www.respaldoalcantara-alicante.cl\/alcantara-cordillera\/wp-json\/wp\/v2\/tags?post=19016"}],"curies":[{"name":"wp","href":"https:\/\/api.w.org\/{rel}","templated":true}]}}